{"id":503,"date":"2012-11-21T14:34:52","date_gmt":"2012-11-21T13:34:52","guid":{"rendered":"http:\/\/www.francas71.org\/projetscitoyens\/?p=503"},"modified":"2013-02-04T13:00:05","modified_gmt":"2013-02-04T12:00:05","slug":"billet-de-sanvignes","status":"publish","type":"post","link":"http:\/\/projetscitoyens.francas71.org\/?p=503","title":{"rendered":"Billet de Sanvignes"},"content":{"rendered":"<p>nous sommes Maylis, Thomas et L\u00e9a de Sanvignes les Mines. Ce matin nous avons regard\u00e9 les affiches sur les droits de l&rsquo;enfant. Nous avions des petites photos et nous devions retrouver des affiches et nous avons vot\u00e9. Nous avons fait des activit\u00e9s, et nous avons jou\u00e9 au jeu des 7\u00a0 familles, puis nous avons mang\u00e9.<\/p>\n","protected":false},"excerpt":{"rendered":"<p>nous sommes Maylis, Thomas et L\u00e9a de Sanvignes les Mines. Ce matin nous avons regard\u00e9 les affiches sur les droits de l&rsquo;enfant. Nous avions des petites photos et nous devions retrouver des affiches et nous avons vot\u00e9. Nous avons fait des activit\u00e9s, et nous avons jou\u00e9 au jeu des 7\u00a0 familles, puis nous avons mang\u00e9.<\/p>\n","protected":false},"author":1,"featured_media":537,"comment_status":"open","ping_status":"open","sticky":false,"template":"","format":"standard","meta":{"jetpack_post_was_ever_published":false,"_jetpack_newsletter_access":"","_jetpack_dont_email_post_to_subs":false,"_jetpack_newsletter_tier_id":0,"_jetpack_memberships_contains_paywalled_content":false,"_jetpack_memberships_contains_paid_content":false,"footnotes":"","jetpack_publicize_message":"","jetpack_publicize_feature_enabled":true,"jetpack_social_post_already_shared":false,"jetpack_social_options":{"image_generator_settings":{"template":"highway","enabled":false},"version":2}},"categories":[119,138],"tags":[],"class_list":["post-503","post","type-post","status-publish","format-standard","has-post-thumbnail","hentry","category-agis-pour-tes-droits-2","category-2012-les-droits-de-lenfant-agis-pour-tes-droits-2"],"jetpack_publicize_connections":[],"jetpack_featured_media_url":"https:\/\/i0.wp.com\/projetscitoyens.francas71.org\/wp-content\/uploads\/2012\/11\/sanvignes-08.jpg?fit=1024%2C768","jetpack_sharing_enabled":true,"jetpack_shortlink":"https:\/\/wp.me\/p6M0zG-87","jetpack-related-posts":[],"jetpack_likes_enabled":true,"_links":{"self":[{"href":"http:\/\/projetscitoyens.francas71.org\/index.php?rest_route=\/wp\/v2\/posts\/503"}],"collection":[{"href":"http:\/\/projetscitoyens.francas71.org\/index.php?rest_route=\/wp\/v2\/posts"}],"about":[{"href":"http:\/\/projetscitoyens.francas71.org\/index.php?rest_route=\/wp\/v2\/types\/post"}],"author":[{"embeddable":true,"href":"http:\/\/projetscitoyens.francas71.org\/index.php?rest_route=\/wp\/v2\/users\/1"}],"replies":[{"embeddable":true,"href":"http:\/\/projetscitoyens.francas71.org\/index.php?rest_route=%2Fwp%2Fv2%2Fcomments&post=503"}],"version-history":[{"count":6,"href":"http:\/\/projetscitoyens.francas71.org\/index.php?rest_route=\/wp\/v2\/posts\/503\/revisions"}],"predecessor-version":[{"id":647,"href":"http:\/\/projetscitoyens.francas71.org\/index.php?rest_route=\/wp\/v2\/posts\/503\/revisions\/647"}],"wp:featuredmedia":[{"embeddable":true,"href":"http:\/\/projetscitoyens.francas71.org\/index.php?rest_route=\/wp\/v2\/media\/537"}],"wp:attachment":[{"href":"http:\/\/projetscitoyens.francas71.org\/index.php?rest_route=%2Fwp%2Fv2%2Fmedia&parent=503"}],"wp:term":[{"taxonomy":"category","embeddable":true,"href":"http:\/\/projetscitoyens.francas71.org\/index.php?rest_route=%2Fwp%2Fv2%2Fcategories&post=503"},{"taxonomy":"post_tag","embeddable":true,"href":"http:\/\/projetscitoyens.francas71.org\/index.php?rest_route=%2Fwp%2Fv2%2Ftags&post=503"}],"curies":[{"name":"wp","href":"https:\/\/api.w.org\/{rel}","templated":true}]}}