{"id":526,"date":"2012-11-21T15:46:03","date_gmt":"2012-11-21T14:46:03","guid":{"rendered":"http:\/\/www.francas71.org\/projetscitoyens\/?p=526"},"modified":"2019-12-16T15:15:56","modified_gmt":"2019-12-16T14:15:56","slug":"selection-departementale-saone-et-loire","status":"publish","type":"post","link":"http:\/\/projetscitoyens.francas71.org\/?p=526","title":{"rendered":"S\u00e9lection d\u00e9partementale Sa\u00f4ne et Loire"},"content":{"rendered":"<p>250 affiches r\u00e9alis\u00e9es, 27 groupes impliqu\u00e9s, pr\u00e8s de 900 enfants depuis les touts petits jusqu&rsquo;aux plus grands, le concours d&rsquo;affiches 2012 a eu un \u00e9cho toujours aussi favorable. Voila la s\u00e9lection effectu\u00e9e par le jury d\u00e9partementale sous forme de diaporama.<\/p>\n<div><object width=\"560\" height=\"420\"><param name=\"movie\" value=\"http:\/\/pf.kizoa.com\/sflite.swf?did=3568934&#038;k=2699036\"><\/param><param name=\"wmode\" value=\"transparent\"><\/param><param name=\"allowFullScreen\" value=\"true\"><\/param><\/object><br \/><a href=\"http:\/\/www.kizoa.fr\/diaporama\/d3568934k2699036o2\/concours-daffiches---s\u00e9lection-201271\" onclick=\"return TrackClick('http%3A%2F%2Fwww.kizoa.fr%2Fdiaporama%2Fd3568934k2699036o2%2Fconcours-daffiches---s%C3%A9lection-201271','Concours+d%26apos%3Baffiches+-+s%C3%A9lection+2012%2F71')\"><b>Concours d&apos;affiches &#8211; s\u00e9lection 2012\/71<\/b><\/a> &#8211; <i><a href=\"http:\/\/www.kizoa.fr\" onclick=\"return TrackClick('http%3A%2F%2Fwww.kizoa.fr','diaporama+flash')\">diaporama flash<\/a><\/i><\/div>\n","protected":false},"excerpt":{"rendered":"<p>250 affiches r\u00e9alis\u00e9es, 27 groupes impliqu\u00e9s, pr\u00e8s de 900 enfants depuis les touts petits jusqu&rsquo;aux plus grands, le concours d&rsquo;affiches 2012 a eu un \u00e9cho toujours aussi favorable. Voila la s\u00e9lection effectu\u00e9e par le jury d\u00e9partementale sous forme de diaporama. Concours d&apos;affiches &#8211; s\u00e9lection 2012\/71 &#8211; diaporama flash<\/p>\n","protected":false},"author":1,"featured_media":528,"comment_status":"open","ping_status":"open","sticky":false,"template":"","format":"standard","meta":{"jetpack_post_was_ever_published":false,"_jetpack_newsletter_access":"","_jetpack_dont_email_post_to_subs":false,"_jetpack_newsletter_tier_id":0,"_jetpack_memberships_contains_paywalled_content":false,"_jetpack_memberships_contains_paid_content":false,"footnotes":"","jetpack_publicize_message":"","jetpack_publicize_feature_enabled":true,"jetpack_social_post_already_shared":false,"jetpack_social_options":{"image_generator_settings":{"template":"highway","enabled":false},"version":2}},"categories":[119,138],"tags":[],"class_list":["post-526","post","type-post","status-publish","format-standard","has-post-thumbnail","hentry","category-agis-pour-tes-droits-2","category-2012-les-droits-de-lenfant-agis-pour-tes-droits-2"],"jetpack_publicize_connections":[],"jetpack_featured_media_url":"https:\/\/i0.wp.com\/projetscitoyens.francas71.org\/wp-content\/uploads\/2012\/11\/vue-04.jpg?fit=1024%2C768","jetpack_sharing_enabled":true,"jetpack_shortlink":"https:\/\/wp.me\/p6M0zG-8u","jetpack-related-posts":[],"jetpack_likes_enabled":true,"_links":{"self":[{"href":"http:\/\/projetscitoyens.francas71.org\/index.php?rest_route=\/wp\/v2\/posts\/526"}],"collection":[{"href":"http:\/\/projetscitoyens.francas71.org\/index.php?rest_route=\/wp\/v2\/posts"}],"about":[{"href":"http:\/\/projetscitoyens.francas71.org\/index.php?rest_route=\/wp\/v2\/types\/post"}],"author":[{"embeddable":true,"href":"http:\/\/projetscitoyens.francas71.org\/index.php?rest_route=\/wp\/v2\/users\/1"}],"replies":[{"embeddable":true,"href":"http:\/\/projetscitoyens.francas71.org\/index.php?rest_route=%2Fwp%2Fv2%2Fcomments&post=526"}],"version-history":[{"count":3,"href":"http:\/\/projetscitoyens.francas71.org\/index.php?rest_route=\/wp\/v2\/posts\/526\/revisions"}],"predecessor-version":[{"id":645,"href":"http:\/\/projetscitoyens.francas71.org\/index.php?rest_route=\/wp\/v2\/posts\/526\/revisions\/645"}],"wp:featuredmedia":[{"embeddable":true,"href":"http:\/\/projetscitoyens.francas71.org\/index.php?rest_route=\/wp\/v2\/media\/528"}],"wp:attachment":[{"href":"http:\/\/projetscitoyens.francas71.org\/index.php?rest_route=%2Fwp%2Fv2%2Fmedia&parent=526"}],"wp:term":[{"taxonomy":"category","embeddable":true,"href":"http:\/\/projetscitoyens.francas71.org\/index.php?rest_route=%2Fwp%2Fv2%2Fcategories&post=526"},{"taxonomy":"post_tag","embeddable":true,"href":"http:\/\/projetscitoyens.francas71.org\/index.php?rest_route=%2Fwp%2Fv2%2Ftags&post=526"}],"curies":[{"name":"wp","href":"https:\/\/api.w.org\/{rel}","templated":true}]}}