{"id":530,"date":"2012-11-21T17:12:46","date_gmt":"2012-11-21T16:12:46","guid":{"rendered":"http:\/\/www.francas71.org\/projetscitoyens\/?p=530"},"modified":"2019-12-16T14:34:52","modified_gmt":"2019-12-16T13:34:52","slug":"rencontre-departementale-cluny-17-novembre","status":"publish","type":"post","link":"http:\/\/projetscitoyens.francas71.org\/?p=530","title":{"rendered":"Rencontre d\u00e9partementale &#8211; Cluny &#8211; 17 novembre"},"content":{"rendered":"<p>Samedi 17 novembre, 14h30, un petit groupe de 10 jeunes de Sa\u00f4ne et Loire, ayant \u00e9t\u00e9 rep\u00e9r\u00e9 pour leur engagement b\u00e9n\u00e9vole local se r\u00e9unissaient sur Cluny pour se rencontrer et entreprendre la r\u00e9alisation du livre de portraits.<\/p>\n","protected":false},"excerpt":{"rendered":"<p>Samedi 17 novembre, 14h30, un petit groupe de 10 jeunes de Sa\u00f4ne et Loire, ayant \u00e9t\u00e9 rep\u00e9r\u00e9 pour leur engagement b\u00e9n\u00e9vole local se r\u00e9unissaient sur Cluny pour se rencontrer et entreprendre la r\u00e9alisation du livre de portraits.<\/p>\n","protected":false},"author":1,"featured_media":534,"comment_status":"open","ping_status":"open","sticky":false,"template":"","format":"standard","meta":{"jetpack_post_was_ever_published":false,"_jetpack_newsletter_access":"","_jetpack_dont_email_post_to_subs":false,"_jetpack_newsletter_tier_id":0,"_jetpack_memberships_contains_paywalled_content":false,"_jetpack_memberships_contains_paid_content":false,"footnotes":"","jetpack_publicize_message":"","jetpack_publicize_feature_enabled":true,"jetpack_social_post_already_shared":false,"jetpack_social_options":{"image_generator_settings":{"template":"highway","enabled":false},"version":2}},"categories":[120,122],"tags":[],"class_list":["post-530","post","type-post","status-publish","format-standard","has-post-thumbnail","hentry","category-engagement-des-jeunes","category-brevet-de-lengagement-2012"],"jetpack_publicize_connections":[],"jetpack_featured_media_url":"https:\/\/i0.wp.com\/projetscitoyens.francas71.org\/wp-content\/uploads\/2012\/11\/BE-181.jpg?fit=1024%2C768","jetpack_sharing_enabled":true,"jetpack_shortlink":"https:\/\/wp.me\/p6M0zG-8y","jetpack-related-posts":[],"jetpack_likes_enabled":true,"_links":{"self":[{"href":"http:\/\/projetscitoyens.francas71.org\/index.php?rest_route=\/wp\/v2\/posts\/530"}],"collection":[{"href":"http:\/\/projetscitoyens.francas71.org\/index.php?rest_route=\/wp\/v2\/posts"}],"about":[{"href":"http:\/\/projetscitoyens.francas71.org\/index.php?rest_route=\/wp\/v2\/types\/post"}],"author":[{"embeddable":true,"href":"http:\/\/projetscitoyens.francas71.org\/index.php?rest_route=\/wp\/v2\/users\/1"}],"replies":[{"embeddable":true,"href":"http:\/\/projetscitoyens.francas71.org\/index.php?rest_route=%2Fwp%2Fv2%2Fcomments&post=530"}],"version-history":[{"count":5,"href":"http:\/\/projetscitoyens.francas71.org\/index.php?rest_route=\/wp\/v2\/posts\/530\/revisions"}],"predecessor-version":[{"id":605,"href":"http:\/\/projetscitoyens.francas71.org\/index.php?rest_route=\/wp\/v2\/posts\/530\/revisions\/605"}],"wp:featuredmedia":[{"embeddable":true,"href":"http:\/\/projetscitoyens.francas71.org\/index.php?rest_route=\/wp\/v2\/media\/534"}],"wp:attachment":[{"href":"http:\/\/projetscitoyens.francas71.org\/index.php?rest_route=%2Fwp%2Fv2%2Fmedia&parent=530"}],"wp:term":[{"taxonomy":"category","embeddable":true,"href":"http:\/\/projetscitoyens.francas71.org\/index.php?rest_route=%2Fwp%2Fv2%2Fcategories&post=530"},{"taxonomy":"post_tag","embeddable":true,"href":"http:\/\/projetscitoyens.francas71.org\/index.php?rest_route=%2Fwp%2Fv2%2Ftags&post=530"}],"curies":[{"name":"wp","href":"https:\/\/api.w.org\/{rel}","templated":true}]}}