{"id":558,"date":"2013-01-14T11:12:23","date_gmt":"2013-01-14T10:12:23","guid":{"rendered":"http:\/\/www.francas71.org\/projetscitoyens\/?p=558"},"modified":"2013-01-14T11:16:04","modified_gmt":"2013-01-14T10:16:04","slug":"decouverte-du-senegal","status":"publish","type":"post","link":"http:\/\/projetscitoyens.francas71.org\/?p=558","title":{"rendered":"D\u00e9couverte du S\u00e9n\u00e9gal"},"content":{"rendered":"<p>Les deux groupes d&rsquo;enfants ayant souhait\u00e9 se constituer en ATEC sont partis sur le m\u00eame projet : \u00e9laborer des actions locales pour sensibiliser les habitants de leurs communes aux besoins d&rsquo;aide mat\u00e9rielle pour les enfants du S\u00e9n\u00e9gal.<\/p>\n<p>Pour les aider \u00e0 construire leur projet, nous avons organis\u00e9 une demi-journ\u00e9e de d\u00e9couverte du S\u00e9n\u00e9gal, de ses richesses et de ses probl\u00e9matiques.<\/p>\n<p>Un temps convivial et \u00e9ducatif pour se poser les bonnes questions sur l&rsquo;aide n\u00e9cessaire \u00e0 ce pays d&rsquo;Afrique.<\/p>\n<p><a href=\"https:\/\/i0.wp.com\/www.francas71.org\/projetscitoyens\/wp-content\/uploads\/2013\/01\/Dsc_0030-pf.jpg\" onclick=\"return TrackClick('http%3A%2F%2Fwww.francas71.org%2Fprojetscitoyens%2Fwp-content%2Fuploads%2F2013%2F01%2FDsc_0030-pf.jpg','Dsc_0030+pf')\"><img loading=\"lazy\" decoding=\"async\" data-attachment-id=\"566\" data-permalink=\"http:\/\/projetscitoyens.francas71.org\/?attachment_id=566\" data-orig-file=\"https:\/\/i0.wp.com\/projetscitoyens.francas71.org\/wp-content\/uploads\/2013\/01\/Dsc_0030-pf.jpg?fit=500%2C375\" data-orig-size=\"500,375\" data-comments-opened=\"1\" data-image-meta=\"{&quot;aperture&quot;:&quot;0&quot;,&quot;credit&quot;:&quot;&quot;,&quot;camera&quot;:&quot;&quot;,&quot;caption&quot;:&quot;&quot;,&quot;created_timestamp&quot;:&quot;0&quot;,&quot;copyright&quot;:&quot;&quot;,&quot;focal_length&quot;:&quot;0&quot;,&quot;iso&quot;:&quot;0&quot;,&quot;shutter_speed&quot;:&quot;0&quot;,&quot;title&quot;:&quot;&quot;}\" data-image-title=\"Dsc_0030 pf\" data-image-description=\"\" data-image-caption=\"\" data-medium-file=\"https:\/\/i0.wp.com\/projetscitoyens.francas71.org\/wp-content\/uploads\/2013\/01\/Dsc_0030-pf.jpg?fit=300%2C225\" data-large-file=\"https:\/\/i0.wp.com\/projetscitoyens.francas71.org\/wp-content\/uploads\/2013\/01\/Dsc_0030-pf.jpg?fit=500%2C375\" tabindex=\"0\" role=\"button\" class=\"alignnone  wp-image-566\" title=\"Dsc_0030 pf\" src=\"https:\/\/i0.wp.com\/www.francas71.org\/projetscitoyens\/wp-content\/uploads\/2013\/01\/Dsc_0030-pf.jpg?resize=300%2C225\" onclick=\"return TrackClick('http%3A%2F%2Fwww.francas71.org%2Fprojetscitoyens%2Fwp-content%2Fuploads%2F2013%2F01%2FDsc_0030-pf.jpg','Dsc_0030+pf')\" alt=\"\" width=\"300\" height=\"225\" srcset=\"https:\/\/i0.wp.com\/projetscitoyens.francas71.org\/wp-content\/uploads\/2013\/01\/Dsc_0030-pf.jpg?w=500 500w, https:\/\/i0.wp.com\/projetscitoyens.francas71.org\/wp-content\/uploads\/2013\/01\/Dsc_0030-pf.jpg?resize=300%2C225 300w\" sizes=\"(max-width: 300px) 100vw, 300px\" data-recalc-dims=\"1\" \/> \u00a0 \u00a0 \u00a0 \u00a0<\/a><a href=\"https:\/\/i0.wp.com\/www.francas71.org\/projetscitoyens\/wp-content\/uploads\/2013\/01\/Dsc_0029-pf.jpg\" onclick=\"return TrackClick('http%3A%2F%2Fwww.francas71.org%2Fprojetscitoyens%2Fwp-content%2Fuploads%2F2013%2F01%2FDsc_0029-pf.jpg','Dsc_0029+pf')\"><img loading=\"lazy\" decoding=\"async\" data-attachment-id=\"565\" data-permalink=\"http:\/\/projetscitoyens.francas71.org\/?attachment_id=565\" data-orig-file=\"https:\/\/i0.wp.com\/projetscitoyens.francas71.org\/wp-content\/uploads\/2013\/01\/Dsc_0029-pf.jpg?fit=500%2C375\" data-orig-size=\"500,375\" data-comments-opened=\"1\" data-image-meta=\"{&quot;aperture&quot;:&quot;0&quot;,&quot;credit&quot;:&quot;&quot;,&quot;camera&quot;:&quot;&quot;,&quot;caption&quot;:&quot;&quot;,&quot;created_timestamp&quot;:&quot;0&quot;,&quot;copyright&quot;:&quot;&quot;,&quot;focal_length&quot;:&quot;0&quot;,&quot;iso&quot;:&quot;0&quot;,&quot;shutter_speed&quot;:&quot;0&quot;,&quot;title&quot;:&quot;&quot;}\" data-image-title=\"Dsc_0029 pf\" data-image-description=\"\" data-image-caption=\"\" data-medium-file=\"https:\/\/i0.wp.com\/projetscitoyens.francas71.org\/wp-content\/uploads\/2013\/01\/Dsc_0029-pf.jpg?fit=300%2C225\" data-large-file=\"https:\/\/i0.wp.com\/projetscitoyens.francas71.org\/wp-content\/uploads\/2013\/01\/Dsc_0029-pf.jpg?fit=500%2C375\" tabindex=\"0\" role=\"button\" class=\"alignnone  wp-image-565\" title=\"Dsc_0029 pf\" src=\"https:\/\/i0.wp.com\/www.francas71.org\/projetscitoyens\/wp-content\/uploads\/2013\/01\/Dsc_0029-pf.jpg?resize=300%2C225\" onclick=\"return TrackClick('http%3A%2F%2Fwww.francas71.org%2Fprojetscitoyens%2Fwp-content%2Fuploads%2F2013%2F01%2FDsc_0029-pf.jpg','Dsc_0029+pf')\" alt=\"\" width=\"300\" height=\"225\" srcset=\"https:\/\/i0.wp.com\/projetscitoyens.francas71.org\/wp-content\/uploads\/2013\/01\/Dsc_0029-pf.jpg?w=500 500w, https:\/\/i0.wp.com\/projetscitoyens.francas71.org\/wp-content\/uploads\/2013\/01\/Dsc_0029-pf.jpg?resize=300%2C225 300w\" sizes=\"(max-width: 300px) 100vw, 300px\" data-recalc-dims=\"1\" \/><\/a><\/p>\n<p><a href=\"https:\/\/i0.wp.com\/www.francas71.org\/projetscitoyens\/wp-content\/uploads\/2013\/01\/Dsc_0027-pf.jpg\" onclick=\"return TrackClick('http%3A%2F%2Fwww.francas71.org%2Fprojetscitoyens%2Fwp-content%2Fuploads%2F2013%2F01%2FDsc_0027-pf.jpg','Dsc_0027+pf')\"><img loading=\"lazy\" decoding=\"async\" data-attachment-id=\"564\" data-permalink=\"http:\/\/projetscitoyens.francas71.org\/?attachment_id=564\" data-orig-file=\"https:\/\/i0.wp.com\/projetscitoyens.francas71.org\/wp-content\/uploads\/2013\/01\/Dsc_0027-pf.jpg?fit=500%2C375\" data-orig-size=\"500,375\" data-comments-opened=\"1\" data-image-meta=\"{&quot;aperture&quot;:&quot;0&quot;,&quot;credit&quot;:&quot;&quot;,&quot;camera&quot;:&quot;&quot;,&quot;caption&quot;:&quot;&quot;,&quot;created_timestamp&quot;:&quot;0&quot;,&quot;copyright&quot;:&quot;&quot;,&quot;focal_length&quot;:&quot;0&quot;,&quot;iso&quot;:&quot;0&quot;,&quot;shutter_speed&quot;:&quot;0&quot;,&quot;title&quot;:&quot;&quot;}\" data-image-title=\"Dsc_0027 pf\" data-image-description=\"\" data-image-caption=\"\" data-medium-file=\"https:\/\/i0.wp.com\/projetscitoyens.francas71.org\/wp-content\/uploads\/2013\/01\/Dsc_0027-pf.jpg?fit=300%2C225\" data-large-file=\"https:\/\/i0.wp.com\/projetscitoyens.francas71.org\/wp-content\/uploads\/2013\/01\/Dsc_0027-pf.jpg?fit=500%2C375\" tabindex=\"0\" role=\"button\" class=\"alignnone  wp-image-564\" title=\"Dsc_0027 pf\" src=\"https:\/\/i0.wp.com\/www.francas71.org\/projetscitoyens\/wp-content\/uploads\/2013\/01\/Dsc_0027-pf.jpg?resize=300%2C225\" onclick=\"return TrackClick('http%3A%2F%2Fwww.francas71.org%2Fprojetscitoyens%2Fwp-content%2Fuploads%2F2013%2F01%2FDsc_0027-pf.jpg','Dsc_0027+pf')\" alt=\"\" width=\"300\" height=\"225\" srcset=\"https:\/\/i0.wp.com\/projetscitoyens.francas71.org\/wp-content\/uploads\/2013\/01\/Dsc_0027-pf.jpg?w=500 500w, https:\/\/i0.wp.com\/projetscitoyens.francas71.org\/wp-content\/uploads\/2013\/01\/Dsc_0027-pf.jpg?resize=300%2C225 300w\" sizes=\"(max-width: 300px) 100vw, 300px\" data-recalc-dims=\"1\" \/><\/a>\u00a0\u00a0\u00a0\u00a0\u00a0 <a href=\"https:\/\/i0.wp.com\/www.francas71.org\/projetscitoyens\/wp-content\/uploads\/2013\/01\/Dsc_0032-pf.jpg\" onclick=\"return TrackClick('http%3A%2F%2Fwww.francas71.org%2Fprojetscitoyens%2Fwp-content%2Fuploads%2F2013%2F01%2FDsc_0032-pf.jpg','Dsc_0032+pf')\"><img loading=\"lazy\" decoding=\"async\" data-attachment-id=\"563\" data-permalink=\"http:\/\/projetscitoyens.francas71.org\/?attachment_id=563\" data-orig-file=\"https:\/\/i0.wp.com\/projetscitoyens.francas71.org\/wp-content\/uploads\/2013\/01\/Dsc_0032-pf.jpg?fit=500%2C375\" data-orig-size=\"500,375\" data-comments-opened=\"1\" data-image-meta=\"{&quot;aperture&quot;:&quot;0&quot;,&quot;credit&quot;:&quot;&quot;,&quot;camera&quot;:&quot;&quot;,&quot;caption&quot;:&quot;&quot;,&quot;created_timestamp&quot;:&quot;0&quot;,&quot;copyright&quot;:&quot;&quot;,&quot;focal_length&quot;:&quot;0&quot;,&quot;iso&quot;:&quot;0&quot;,&quot;shutter_speed&quot;:&quot;0&quot;,&quot;title&quot;:&quot;&quot;}\" data-image-title=\"Dsc_0032 pf\" data-image-description=\"\" data-image-caption=\"\" data-medium-file=\"https:\/\/i0.wp.com\/projetscitoyens.francas71.org\/wp-content\/uploads\/2013\/01\/Dsc_0032-pf.jpg?fit=300%2C225\" data-large-file=\"https:\/\/i0.wp.com\/projetscitoyens.francas71.org\/wp-content\/uploads\/2013\/01\/Dsc_0032-pf.jpg?fit=500%2C375\" tabindex=\"0\" role=\"button\" class=\"alignnone  wp-image-563\" title=\"Dsc_0032 pf\" src=\"https:\/\/i0.wp.com\/www.francas71.org\/projetscitoyens\/wp-content\/uploads\/2013\/01\/Dsc_0032-pf.jpg?resize=300%2C225\" onclick=\"return TrackClick('http%3A%2F%2Fwww.francas71.org%2Fprojetscitoyens%2Fwp-content%2Fuploads%2F2013%2F01%2FDsc_0032-pf.jpg','Dsc_0032+pf')\" alt=\"\" width=\"300\" height=\"225\" srcset=\"https:\/\/i0.wp.com\/projetscitoyens.francas71.org\/wp-content\/uploads\/2013\/01\/Dsc_0032-pf.jpg?w=500 500w, https:\/\/i0.wp.com\/projetscitoyens.francas71.org\/wp-content\/uploads\/2013\/01\/Dsc_0032-pf.jpg?resize=300%2C225 300w\" sizes=\"(max-width: 300px) 100vw, 300px\" data-recalc-dims=\"1\" \/><\/a><\/p>\n<p>&nbsp;<\/p>\n","protected":false},"excerpt":{"rendered":"<p>Les deux groupes d&rsquo;enfants ayant souhait\u00e9 se constituer en ATEC sont partis sur le m\u00eame projet : \u00e9laborer des actions locales pour sensibiliser les habitants de leurs communes aux besoins d&rsquo;aide mat\u00e9rielle pour les enfants du S\u00e9n\u00e9gal. Pour les aider \u00e0 construire leur projet, nous avons organis\u00e9 une demi-journ\u00e9e de d\u00e9couverte du S\u00e9n\u00e9gal, de ses richesses et de ses probl\u00e9matiques. Un temps convivial et \u00e9ducatif pour se poser les bonnes questions sur l&rsquo;aide n\u00e9cessaire \u00e0 ce pays d&rsquo;Afrique. \u00a0 \u00a0&#8230;<\/p>\n<p class=\"read-more\"><a class=\"btn btn-default\" href=\"http:\/\/projetscitoyens.francas71.org\/?p=558\" onclick=\"return TrackClick('http%3A%2F%2Fprojetscitoyens.francas71.org%2F%3Fp%3D558','Lire+la+suite+Lire+la+suite')\">Lire la suite<span class=\"screen-reader-text\"> Lire la suite<\/span><\/a><\/p>\n","protected":false},"author":1,"featured_media":568,"comment_status":"open","ping_status":"open","sticky":false,"template":"","format":"standard","meta":{"jetpack_post_was_ever_published":false,"_jetpack_newsletter_access":"","_jetpack_dont_email_post_to_subs":false,"_jetpack_newsletter_tier_id":0,"_jetpack_memberships_contains_paywalled_content":false,"_jetpack_memberships_contains_paid_content":false,"footnotes":"","jetpack_publicize_message":"","jetpack_publicize_feature_enabled":true,"jetpack_social_post_already_shared":false,"jetpack_social_options":{"image_generator_settings":{"template":"highway","enabled":false},"version":2}},"categories":[112],"tags":[123,53,62,124,125],"class_list":["post-558","post","type-post","status-publish","format-standard","has-post-thumbnail","hentry","category-atec","tag-education","tag-enfants","tag-francas","tag-projets","tag-senegal"],"jetpack_publicize_connections":[],"jetpack_featured_media_url":"https:\/\/i0.wp.com\/projetscitoyens.francas71.org\/wp-content\/uploads\/2013\/01\/pays-senegal.gif?fit=888%2C641","jetpack_sharing_enabled":true,"jetpack_shortlink":"https:\/\/wp.me\/p6M0zG-90","jetpack-related-posts":[],"jetpack_likes_enabled":true,"_links":{"self":[{"href":"http:\/\/projetscitoyens.francas71.org\/index.php?rest_route=\/wp\/v2\/posts\/558"}],"collection":[{"href":"http:\/\/projetscitoyens.francas71.org\/index.php?rest_route=\/wp\/v2\/posts"}],"about":[{"href":"http:\/\/projetscitoyens.francas71.org\/index.php?rest_route=\/wp\/v2\/types\/post"}],"author":[{"embeddable":true,"href":"http:\/\/projetscitoyens.francas71.org\/index.php?rest_route=\/wp\/v2\/users\/1"}],"replies":[{"embeddable":true,"href":"http:\/\/projetscitoyens.francas71.org\/index.php?rest_route=%2Fwp%2Fv2%2Fcomments&post=558"}],"version-history":[{"count":4,"href":"http:\/\/projetscitoyens.francas71.org\/index.php?rest_route=\/wp\/v2\/posts\/558\/revisions"}],"predecessor-version":[{"id":570,"href":"http:\/\/projetscitoyens.francas71.org\/index.php?rest_route=\/wp\/v2\/posts\/558\/revisions\/570"}],"wp:featuredmedia":[{"embeddable":true,"href":"http:\/\/projetscitoyens.francas71.org\/index.php?rest_route=\/wp\/v2\/media\/568"}],"wp:attachment":[{"href":"http:\/\/projetscitoyens.francas71.org\/index.php?rest_route=%2Fwp%2Fv2%2Fmedia&parent=558"}],"wp:term":[{"taxonomy":"category","embeddable":true,"href":"http:\/\/projetscitoyens.francas71.org\/index.php?rest_route=%2Fwp%2Fv2%2Fcategories&post=558"},{"taxonomy":"post_tag","embeddable":true,"href":"http:\/\/projetscitoyens.francas71.org\/index.php?rest_route=%2Fwp%2Fv2%2Ftags&post=558"}],"curies":[{"name":"wp","href":"https:\/\/api.w.org\/{rel}","templated":true}]}}