{"id":573,"date":"2013-01-14T11:24:58","date_gmt":"2013-01-14T10:24:58","guid":{"rendered":"http:\/\/www.francas71.org\/projetscitoyens\/?p=573"},"modified":"2019-12-16T15:15:50","modified_gmt":"2019-12-16T14:15:50","slug":"la-signature-officielle","status":"publish","type":"post","link":"http:\/\/projetscitoyens.francas71.org\/?p=573","title":{"rendered":"La signature officielle"},"content":{"rendered":"<p>Samedi 1er d\u00e9cembre 2012, 14h30, mairie de G\u00e9nelard, les enfants des deux groupes mobilis\u00e9s sur la constitution d&rsquo;ATEC sont attentifs. En effet, ils sont pr\u00e9sent ce jour pour officialiser le lancement de leur ATEC. Sont pr\u00e9sents : le pr\u00e9sident des Francas de Sa\u00f4ne et loire, Monsieur le Maire de G\u00e9nelard et Madame le Maire de Ciry le Noble, ainsi que des \u00e9lus des Francas et des parents des enfants.<\/p>\n<p>Un petit mot lu par chaque groupe d&rsquo;enfants pour pr\u00e9senter son groupe et son projet, un petit mot des \u00e9lus associatifs et municipaux, et enfin la signature officielle des documents attestant la cr\u00e9ation de deux ATEC pour cette ann\u00e9e 2012\/2013.<\/p>\n<p>A suivre !<\/p>\n<p><a href=\"https:\/\/i0.wp.com\/www.francas71.org\/projetscitoyens\/wp-content\/uploads\/2013\/01\/Dsc_0039-pf.jpg\" onclick=\"return TrackClick('http%3A%2F%2Fwww.francas71.org%2Fprojetscitoyens%2Fwp-content%2Fuploads%2F2013%2F01%2FDsc_0039-pf.jpg','Dsc_0039+pf')\"><img loading=\"lazy\" decoding=\"async\" data-attachment-id=\"577\" data-permalink=\"http:\/\/projetscitoyens.francas71.org\/?attachment_id=577\" data-orig-file=\"https:\/\/i0.wp.com\/projetscitoyens.francas71.org\/wp-content\/uploads\/2013\/01\/Dsc_0039-pf.jpg?fit=500%2C375\" data-orig-size=\"500,375\" data-comments-opened=\"1\" data-image-meta=\"{&quot;aperture&quot;:&quot;0&quot;,&quot;credit&quot;:&quot;&quot;,&quot;camera&quot;:&quot;&quot;,&quot;caption&quot;:&quot;&quot;,&quot;created_timestamp&quot;:&quot;0&quot;,&quot;copyright&quot;:&quot;&quot;,&quot;focal_length&quot;:&quot;0&quot;,&quot;iso&quot;:&quot;0&quot;,&quot;shutter_speed&quot;:&quot;0&quot;,&quot;title&quot;:&quot;&quot;}\" data-image-title=\"Dsc_0039 pf\" data-image-description=\"\" data-image-caption=\"\" data-medium-file=\"https:\/\/i0.wp.com\/projetscitoyens.francas71.org\/wp-content\/uploads\/2013\/01\/Dsc_0039-pf.jpg?fit=300%2C225\" data-large-file=\"https:\/\/i0.wp.com\/projetscitoyens.francas71.org\/wp-content\/uploads\/2013\/01\/Dsc_0039-pf.jpg?fit=500%2C375\" tabindex=\"0\" role=\"button\" class=\"alignnone  wp-image-577\" title=\"Dsc_0039 pf\" src=\"https:\/\/i0.wp.com\/www.francas71.org\/projetscitoyens\/wp-content\/uploads\/2013\/01\/Dsc_0039-pf.jpg?resize=300%2C225\" onclick=\"return TrackClick('http%3A%2F%2Fwww.francas71.org%2Fprojetscitoyens%2Fwp-content%2Fuploads%2F2013%2F01%2FDsc_0039-pf.jpg','Dsc_0039+pf')\" alt=\"\" width=\"300\" height=\"225\" srcset=\"https:\/\/i0.wp.com\/projetscitoyens.francas71.org\/wp-content\/uploads\/2013\/01\/Dsc_0039-pf.jpg?w=500 500w, https:\/\/i0.wp.com\/projetscitoyens.francas71.org\/wp-content\/uploads\/2013\/01\/Dsc_0039-pf.jpg?resize=300%2C225 300w\" sizes=\"(max-width: 300px) 100vw, 300px\" data-recalc-dims=\"1\" \/><\/a><\/p>\n<p><a href=\"https:\/\/i0.wp.com\/www.francas71.org\/projetscitoyens\/wp-content\/uploads\/2013\/01\/Dsc_0041-pf.jpg\" onclick=\"return TrackClick('http%3A%2F%2Fwww.francas71.org%2Fprojetscitoyens%2Fwp-content%2Fuploads%2F2013%2F01%2FDsc_0041-pf.jpg','Dsc_0041+pf')\"><img loading=\"lazy\" decoding=\"async\" data-attachment-id=\"578\" data-permalink=\"http:\/\/projetscitoyens.francas71.org\/?attachment_id=578\" data-orig-file=\"https:\/\/i0.wp.com\/projetscitoyens.francas71.org\/wp-content\/uploads\/2013\/01\/Dsc_0041-pf.jpg?fit=500%2C375\" data-orig-size=\"500,375\" data-comments-opened=\"1\" data-image-meta=\"{&quot;aperture&quot;:&quot;0&quot;,&quot;credit&quot;:&quot;&quot;,&quot;camera&quot;:&quot;&quot;,&quot;caption&quot;:&quot;&quot;,&quot;created_timestamp&quot;:&quot;0&quot;,&quot;copyright&quot;:&quot;&quot;,&quot;focal_length&quot;:&quot;0&quot;,&quot;iso&quot;:&quot;0&quot;,&quot;shutter_speed&quot;:&quot;0&quot;,&quot;title&quot;:&quot;&quot;}\" data-image-title=\"Dsc_0041 pf\" data-image-description=\"\" data-image-caption=\"\" data-medium-file=\"https:\/\/i0.wp.com\/projetscitoyens.francas71.org\/wp-content\/uploads\/2013\/01\/Dsc_0041-pf.jpg?fit=300%2C225\" data-large-file=\"https:\/\/i0.wp.com\/projetscitoyens.francas71.org\/wp-content\/uploads\/2013\/01\/Dsc_0041-pf.jpg?fit=500%2C375\" tabindex=\"0\" role=\"button\" class=\"alignnone  wp-image-578\" title=\"Dsc_0041 pf\" src=\"https:\/\/i0.wp.com\/www.francas71.org\/projetscitoyens\/wp-content\/uploads\/2013\/01\/Dsc_0041-pf.jpg?resize=300%2C225\" onclick=\"return TrackClick('http%3A%2F%2Fwww.francas71.org%2Fprojetscitoyens%2Fwp-content%2Fuploads%2F2013%2F01%2FDsc_0041-pf.jpg','Dsc_0041+pf')\" alt=\"\" width=\"300\" height=\"225\" srcset=\"https:\/\/i0.wp.com\/projetscitoyens.francas71.org\/wp-content\/uploads\/2013\/01\/Dsc_0041-pf.jpg?w=500 500w, https:\/\/i0.wp.com\/projetscitoyens.francas71.org\/wp-content\/uploads\/2013\/01\/Dsc_0041-pf.jpg?resize=300%2C225 300w\" sizes=\"(max-width: 300px) 100vw, 300px\" data-recalc-dims=\"1\" \/><\/a><\/p>\n<p><a href=\"https:\/\/i0.wp.com\/www.francas71.org\/projetscitoyens\/wp-content\/uploads\/2013\/01\/Dsc_0044-pf.jpg\" onclick=\"return TrackClick('http%3A%2F%2Fwww.francas71.org%2Fprojetscitoyens%2Fwp-content%2Fuploads%2F2013%2F01%2FDsc_0044-pf.jpg','Dsc_0044+pf')\"><img loading=\"lazy\" decoding=\"async\" data-attachment-id=\"579\" data-permalink=\"http:\/\/projetscitoyens.francas71.org\/?attachment_id=579\" data-orig-file=\"https:\/\/i0.wp.com\/projetscitoyens.francas71.org\/wp-content\/uploads\/2013\/01\/Dsc_0044-pf.jpg?fit=500%2C375\" data-orig-size=\"500,375\" data-comments-opened=\"1\" data-image-meta=\"{&quot;aperture&quot;:&quot;0&quot;,&quot;credit&quot;:&quot;&quot;,&quot;camera&quot;:&quot;&quot;,&quot;caption&quot;:&quot;&quot;,&quot;created_timestamp&quot;:&quot;0&quot;,&quot;copyright&quot;:&quot;&quot;,&quot;focal_length&quot;:&quot;0&quot;,&quot;iso&quot;:&quot;0&quot;,&quot;shutter_speed&quot;:&quot;0&quot;,&quot;title&quot;:&quot;&quot;}\" data-image-title=\"Dsc_0044 pf\" data-image-description=\"\" data-image-caption=\"\" data-medium-file=\"https:\/\/i0.wp.com\/projetscitoyens.francas71.org\/wp-content\/uploads\/2013\/01\/Dsc_0044-pf.jpg?fit=300%2C225\" data-large-file=\"https:\/\/i0.wp.com\/projetscitoyens.francas71.org\/wp-content\/uploads\/2013\/01\/Dsc_0044-pf.jpg?fit=500%2C375\" tabindex=\"0\" role=\"button\" class=\"alignnone  wp-image-579\" title=\"Dsc_0044 pf\" src=\"https:\/\/i0.wp.com\/www.francas71.org\/projetscitoyens\/wp-content\/uploads\/2013\/01\/Dsc_0044-pf.jpg?resize=300%2C225\" onclick=\"return TrackClick('http%3A%2F%2Fwww.francas71.org%2Fprojetscitoyens%2Fwp-content%2Fuploads%2F2013%2F01%2FDsc_0044-pf.jpg','Dsc_0044+pf')\" alt=\"\" width=\"300\" height=\"225\" srcset=\"https:\/\/i0.wp.com\/projetscitoyens.francas71.org\/wp-content\/uploads\/2013\/01\/Dsc_0044-pf.jpg?w=500 500w, https:\/\/i0.wp.com\/projetscitoyens.francas71.org\/wp-content\/uploads\/2013\/01\/Dsc_0044-pf.jpg?resize=300%2C225 300w\" sizes=\"(max-width: 300px) 100vw, 300px\" data-recalc-dims=\"1\" \/><\/a><\/p>\n<p>&nbsp;<\/p>\n","protected":false},"excerpt":{"rendered":"<p>Samedi 1er d\u00e9cembre 2012, 14h30, mairie de G\u00e9nelard, les enfants des deux groupes mobilis\u00e9s sur la constitution d&rsquo;ATEC sont attentifs. En effet, ils sont pr\u00e9sent ce jour pour officialiser le lancement de leur ATEC. Sont pr\u00e9sents : le pr\u00e9sident des Francas de Sa\u00f4ne et loire, Monsieur le Maire de G\u00e9nelard et Madame le Maire de Ciry le Noble, ainsi que des \u00e9lus des Francas et des parents des enfants. Un petit mot lu par chaque groupe d&rsquo;enfants pour pr\u00e9senter son&#8230;<\/p>\n<p class=\"read-more\"><a class=\"btn btn-default\" href=\"http:\/\/projetscitoyens.francas71.org\/?p=573\" onclick=\"return TrackClick('http%3A%2F%2Fprojetscitoyens.francas71.org%2F%3Fp%3D573','Lire+la+suite+Lire+la+suite')\">Lire la suite<span class=\"screen-reader-text\"> Lire la suite<\/span><\/a><\/p>\n","protected":false},"author":1,"featured_media":575,"comment_status":"open","ping_status":"open","sticky":false,"template":"","format":"standard","meta":{"jetpack_post_was_ever_published":false,"_jetpack_newsletter_access":"","_jetpack_dont_email_post_to_subs":false,"_jetpack_newsletter_tier_id":0,"_jetpack_memberships_contains_paywalled_content":false,"_jetpack_memberships_contains_paid_content":false,"footnotes":"","jetpack_publicize_message":"","jetpack_publicize_feature_enabled":true,"jetpack_social_post_already_shared":false,"jetpack_social_options":{"image_generator_settings":{"template":"highway","enabled":false},"version":2}},"categories":[112],"tags":[127,126,123,53,62,64],"class_list":["post-573","post","type-post","status-publish","format-standard","has-post-thumbnail","hentry","category-atec","tag-atec-2","tag-ciry-le-noble","tag-education","tag-enfants","tag-francas","tag-genelard"],"jetpack_publicize_connections":[],"jetpack_featured_media_url":"https:\/\/i0.wp.com\/projetscitoyens.francas71.org\/wp-content\/uploads\/2013\/01\/Dsc_0042-pf.jpg?fit=500%2C375","jetpack_sharing_enabled":true,"jetpack_shortlink":"https:\/\/wp.me\/p6M0zG-9f","jetpack-related-posts":[],"jetpack_likes_enabled":true,"_links":{"self":[{"href":"http:\/\/projetscitoyens.francas71.org\/index.php?rest_route=\/wp\/v2\/posts\/573"}],"collection":[{"href":"http:\/\/projetscitoyens.francas71.org\/index.php?rest_route=\/wp\/v2\/posts"}],"about":[{"href":"http:\/\/projetscitoyens.francas71.org\/index.php?rest_route=\/wp\/v2\/types\/post"}],"author":[{"embeddable":true,"href":"http:\/\/projetscitoyens.francas71.org\/index.php?rest_route=\/wp\/v2\/users\/1"}],"replies":[{"embeddable":true,"href":"http:\/\/projetscitoyens.francas71.org\/index.php?rest_route=%2Fwp%2Fv2%2Fcomments&post=573"}],"version-history":[{"count":5,"href":"http:\/\/projetscitoyens.francas71.org\/index.php?rest_route=\/wp\/v2\/posts\/573\/revisions"}],"predecessor-version":[{"id":582,"href":"http:\/\/projetscitoyens.francas71.org\/index.php?rest_route=\/wp\/v2\/posts\/573\/revisions\/582"}],"wp:featuredmedia":[{"embeddable":true,"href":"http:\/\/projetscitoyens.francas71.org\/index.php?rest_route=\/wp\/v2\/media\/575"}],"wp:attachment":[{"href":"http:\/\/projetscitoyens.francas71.org\/index.php?rest_route=%2Fwp%2Fv2%2Fmedia&parent=573"}],"wp:term":[{"taxonomy":"category","embeddable":true,"href":"http:\/\/projetscitoyens.francas71.org\/index.php?rest_route=%2Fwp%2Fv2%2Fcategories&post=573"},{"taxonomy":"post_tag","embeddable":true,"href":"http:\/\/projetscitoyens.francas71.org\/index.php?rest_route=%2Fwp%2Fv2%2Ftags&post=573"}],"curies":[{"name":"wp","href":"https:\/\/api.w.org\/{rel}","templated":true}]}}