{"id":583,"date":"2013-01-14T11:52:08","date_gmt":"2013-01-14T10:52:08","guid":{"rendered":"http:\/\/www.francas71.org\/projetscitoyens\/?p=583"},"modified":"2013-01-14T11:56:18","modified_gmt":"2013-01-14T10:56:18","slug":"deux-groupes-deux-projets-une-ressource-pedagogique","status":"publish","type":"post","link":"http:\/\/projetscitoyens.francas71.org\/?p=583","title":{"rendered":"Deux groupes, deux projets, une ressource p\u00e9dagogique"},"content":{"rendered":"<p>Les deux groupes constitu\u00e9s en ATEC sont partis sur deux projets similaires autour de l&rsquo;aide mat\u00e9rielle aux enfants du S\u00e9n\u00e9gal. Ils ont d\u00e9couvert, par l&rsquo;interm\u00e9diaire des Francas, le programme mis en place par l&rsquo;association Solidarit\u00e9 La\u00efque intitul\u00e9 \u00ab\u00a0un cahier, un crayon\u00a0\u00bb.<\/p>\n<p>L&rsquo;id\u00e9e est simple : collecter des cahiers et des crayons pour les envoyer ensuite aux enfants du S\u00e9n\u00e9gal pour les aider dans leur scolarit\u00e9.<\/p>\n<p>Vous trouverez toutes les informations sur ce programme sur le site internet suivant : <a href=\"http:\/\/www.uncahier-uncrayon.org\/\" onclick=\"return TrackClick('http%3A%2F%2Fwww.uncahier-uncrayon.org%2F','http%3A%2F%2Fwww.uncahier-uncrayon.org%2F')\" target=\"_blank\">http:\/\/www.uncahier-uncrayon.org\/<\/a><\/p>\n<p>A suivre !<\/p>\n<p>&nbsp;<\/p>\n","protected":false},"excerpt":{"rendered":"<p>Les deux groupes constitu\u00e9s en ATEC sont partis sur deux projets similaires autour de l&rsquo;aide mat\u00e9rielle aux enfants du S\u00e9n\u00e9gal. Ils ont d\u00e9couvert, par l&rsquo;interm\u00e9diaire des Francas, le programme mis en place par l&rsquo;association Solidarit\u00e9 La\u00efque intitul\u00e9 \u00ab\u00a0un cahier, un crayon\u00a0\u00bb. L&rsquo;id\u00e9e est simple : collecter des cahiers et des crayons pour les envoyer ensuite aux enfants du S\u00e9n\u00e9gal pour les aider dans leur scolarit\u00e9. Vous trouverez toutes les informations sur ce programme sur le site internet suivant : http:\/\/www.uncahier-uncrayon.org\/&#8230;<\/p>\n<p class=\"read-more\"><a class=\"btn btn-default\" href=\"http:\/\/projetscitoyens.francas71.org\/?p=583\" onclick=\"return TrackClick('http%3A%2F%2Fprojetscitoyens.francas71.org%2F%3Fp%3D583','Lire+la+suite+Lire+la+suite')\">Lire la suite<span class=\"screen-reader-text\"> Lire la suite<\/span><\/a><\/p>\n","protected":false},"author":1,"featured_media":586,"comment_status":"open","ping_status":"open","sticky":false,"template":"","format":"standard","meta":{"jetpack_post_was_ever_published":false,"_jetpack_newsletter_access":"","_jetpack_dont_email_post_to_subs":false,"_jetpack_newsletter_tier_id":0,"_jetpack_memberships_contains_paywalled_content":false,"_jetpack_memberships_contains_paid_content":false,"footnotes":"","jetpack_publicize_message":"","jetpack_publicize_feature_enabled":true,"jetpack_social_post_already_shared":false,"jetpack_social_options":{"image_generator_settings":{"template":"highway","enabled":false},"version":2}},"categories":[112],"tags":[123,53,62,125,128],"class_list":["post-583","post","type-post","status-publish","format-standard","has-post-thumbnail","hentry","category-atec","tag-education","tag-enfants","tag-francas","tag-senegal","tag-solidarite"],"jetpack_publicize_connections":[],"jetpack_featured_media_url":"https:\/\/i0.wp.com\/projetscitoyens.francas71.org\/wp-content\/uploads\/2013\/01\/image-cahier-crayon.jpg?fit=563%2C671","jetpack_sharing_enabled":true,"jetpack_shortlink":"https:\/\/wp.me\/p6M0zG-9p","jetpack-related-posts":[],"jetpack_likes_enabled":true,"_links":{"self":[{"href":"http:\/\/projetscitoyens.francas71.org\/index.php?rest_route=\/wp\/v2\/posts\/583"}],"collection":[{"href":"http:\/\/projetscitoyens.francas71.org\/index.php?rest_route=\/wp\/v2\/posts"}],"about":[{"href":"http:\/\/projetscitoyens.francas71.org\/index.php?rest_route=\/wp\/v2\/types\/post"}],"author":[{"embeddable":true,"href":"http:\/\/projetscitoyens.francas71.org\/index.php?rest_route=\/wp\/v2\/users\/1"}],"replies":[{"embeddable":true,"href":"http:\/\/projetscitoyens.francas71.org\/index.php?rest_route=%2Fwp%2Fv2%2Fcomments&post=583"}],"version-history":[{"count":5,"href":"http:\/\/projetscitoyens.francas71.org\/index.php?rest_route=\/wp\/v2\/posts\/583\/revisions"}],"predecessor-version":[{"id":589,"href":"http:\/\/projetscitoyens.francas71.org\/index.php?rest_route=\/wp\/v2\/posts\/583\/revisions\/589"}],"wp:featuredmedia":[{"embeddable":true,"href":"http:\/\/projetscitoyens.francas71.org\/index.php?rest_route=\/wp\/v2\/media\/586"}],"wp:attachment":[{"href":"http:\/\/projetscitoyens.francas71.org\/index.php?rest_route=%2Fwp%2Fv2%2Fmedia&parent=583"}],"wp:term":[{"taxonomy":"category","embeddable":true,"href":"http:\/\/projetscitoyens.francas71.org\/index.php?rest_route=%2Fwp%2Fv2%2Fcategories&post=583"},{"taxonomy":"post_tag","embeddable":true,"href":"http:\/\/projetscitoyens.francas71.org\/index.php?rest_route=%2Fwp%2Fv2%2Ftags&post=583"}],"curies":[{"name":"wp","href":"https:\/\/api.w.org\/{rel}","templated":true}]}}