{"id":590,"date":"2013-01-14T12:22:08","date_gmt":"2013-01-14T11:22:08","guid":{"rendered":"http:\/\/www.francas71.org\/projetscitoyens\/?p=590"},"modified":"2013-01-14T13:17:40","modified_gmt":"2013-01-14T12:17:40","slug":"des-parcours-dengagement-tres-divers","status":"publish","type":"post","link":"http:\/\/projetscitoyens.francas71.org\/?p=590","title":{"rendered":"Des parcours d&rsquo;engagement tr\u00e8s divers"},"content":{"rendered":"<p>Les 12 jeunes impliqu\u00e9s dans l&rsquo;action de valorisation ont des parcours d&rsquo;engagement tr\u00e8s divers : vie lyc\u00e9enne, activit\u00e9s culturelles, animation locale, environnement, cette diversit\u00e9 de parcours est int\u00e9ressante. Nous allons essayer de vous pr\u00e9senter ces parcours.<\/p>\n<p>Camille ANGLESIO : engag\u00e9 dans l&rsquo;animation volontaire au sein des Francas de Bourgogne<br \/>\nAgathe BARISAN : engag\u00e9e dans la Maison des Lyc\u00e9ens au lyc\u00e9e La Prat&rsquo;s de Cluny<br \/>\nEnnouri BERGUIGA : engag\u00e9 dans une association sportive de lutte sur Chalon sur Sa\u00f4ne<br \/>\nJ\u00e9r\u00e9my BERNARD : engag\u00e9 dans l&rsquo;animation volontaire<br \/>\nFran\u00e7ois-Robert BILLARDON : engag\u00e9 dans une association charg\u00e9e de produite un groupe de musique reggae sur Cluny<br \/>\nPierre BLONDEAU : engag\u00e9 dans une association humanitaire en direction du Togo<br \/>\nColette CRETIN : engag\u00e9e dans une association lyc\u00e9enne \u00ab\u00a0les herbes folles\u00a0\u00bb autour de la question de l&rsquo;environnement, au lyc\u00e9e La Prat&rsquo;s de Cluny<br \/>\nM\u00e9lanie DE BARROS : engag\u00e9e dans la maison des lyc\u00e9ens au lyc\u00e9e La Prat&rsquo;s de Cluny<br \/>\nMathieu DESCOMBES : engag\u00e9 dans une association culturelle sur le village de Cortevaix<br \/>\nKarine JOLIVOT : engag\u00e9e dans une association de centre de loisirs sur Chagny<br \/>\nAnne Laure LECAT : engag\u00e9e dans une association sportive de tir sur Chalon sur Sa\u00f4ne<br \/>\nLeila PFAU : engag\u00e9e dans l&rsquo;association \u00ab\u00a0les Herbes folles\u00a0\u00bb au lyc\u00e9e La Prat&rsquo;s de Cluny<br \/>\nElodie REMONT : engag\u00e9e dans l&rsquo;association d\u00e9partementale des Francas de Sa\u00f4ne et Loire en tant qu&rsquo;\u00e9lue<\/p>\n<p>Dans d&rsquo;autres articles vous pourrez d\u00e9couvrir de mani\u00e8re plus approfondi leur engagement.<\/p>\n<p>A suivre !<\/p>\n","protected":false},"excerpt":{"rendered":"<p>Les 12 jeunes impliqu\u00e9s dans l&rsquo;action de valorisation ont des parcours d&rsquo;engagement tr\u00e8s divers : vie lyc\u00e9enne, activit\u00e9s culturelles, animation locale, environnement, cette diversit\u00e9 de parcours est int\u00e9ressante. Nous allons essayer de vous pr\u00e9senter ces parcours. Camille ANGLESIO : engag\u00e9 dans l&rsquo;animation volontaire au sein des Francas de Bourgogne Agathe BARISAN : engag\u00e9e dans la Maison des Lyc\u00e9ens au lyc\u00e9e La Prat&rsquo;s de Cluny Ennouri BERGUIGA : engag\u00e9 dans une association sportive de lutte sur Chalon sur Sa\u00f4ne J\u00e9r\u00e9my BERNARD&#8230;<\/p>\n<p class=\"read-more\"><a class=\"btn btn-default\" href=\"http:\/\/projetscitoyens.francas71.org\/?p=590\" onclick=\"return TrackClick('http%3A%2F%2Fprojetscitoyens.francas71.org%2F%3Fp%3D590','Lire+la+suite+Lire+la+suite')\">Lire la suite<span class=\"screen-reader-text\"> Lire la suite<\/span><\/a><\/p>\n","protected":false},"author":1,"featured_media":593,"comment_status":"open","ping_status":"open","sticky":false,"template":"","format":"standard","meta":{"jetpack_post_was_ever_published":false,"_jetpack_newsletter_access":"","_jetpack_dont_email_post_to_subs":false,"_jetpack_newsletter_tier_id":0,"_jetpack_memberships_contains_paywalled_content":false,"_jetpack_memberships_contains_paid_content":false,"footnotes":"","jetpack_publicize_message":"","jetpack_publicize_feature_enabled":true,"jetpack_social_post_already_shared":false,"jetpack_social_options":{"image_generator_settings":{"template":"highway","enabled":false},"version":2}},"categories":[120,122],"tags":[131,29,130,123,129,62,72,78,132],"class_list":["post-590","post","type-post","status-publish","format-standard","has-post-thumbnail","hentry","category-engagement-des-jeunes","category-brevet-de-lengagement-2012","tag-bourgogne","tag-chalon-sur-saone","tag-cluny","tag-education","tag-engagement","tag-francas","tag-jeunes","tag-lycee","tag-sport"],"jetpack_publicize_connections":[],"jetpack_featured_media_url":"https:\/\/i0.wp.com\/projetscitoyens.francas71.org\/wp-content\/uploads\/2013\/01\/groupe.jpg?fit=412%2C350","jetpack_sharing_enabled":true,"jetpack_shortlink":"https:\/\/wp.me\/p6M0zG-9w","jetpack-related-posts":[],"jetpack_likes_enabled":true,"_links":{"self":[{"href":"http:\/\/projetscitoyens.francas71.org\/index.php?rest_route=\/wp\/v2\/posts\/590"}],"collection":[{"href":"http:\/\/projetscitoyens.francas71.org\/index.php?rest_route=\/wp\/v2\/posts"}],"about":[{"href":"http:\/\/projetscitoyens.francas71.org\/index.php?rest_route=\/wp\/v2\/types\/post"}],"author":[{"embeddable":true,"href":"http:\/\/projetscitoyens.francas71.org\/index.php?rest_route=\/wp\/v2\/users\/1"}],"replies":[{"embeddable":true,"href":"http:\/\/projetscitoyens.francas71.org\/index.php?rest_route=%2Fwp%2Fv2%2Fcomments&post=590"}],"version-history":[{"count":5,"href":"http:\/\/projetscitoyens.francas71.org\/index.php?rest_route=\/wp\/v2\/posts\/590\/revisions"}],"predecessor-version":[{"id":603,"href":"http:\/\/projetscitoyens.francas71.org\/index.php?rest_route=\/wp\/v2\/posts\/590\/revisions\/603"}],"wp:featuredmedia":[{"embeddable":true,"href":"http:\/\/projetscitoyens.francas71.org\/index.php?rest_route=\/wp\/v2\/media\/593"}],"wp:attachment":[{"href":"http:\/\/projetscitoyens.francas71.org\/index.php?rest_route=%2Fwp%2Fv2%2Fmedia&parent=590"}],"wp:term":[{"taxonomy":"category","embeddable":true,"href":"http:\/\/projetscitoyens.francas71.org\/index.php?rest_route=%2Fwp%2Fv2%2Fcategories&post=590"},{"taxonomy":"post_tag","embeddable":true,"href":"http:\/\/projetscitoyens.francas71.org\/index.php?rest_route=%2Fwp%2Fv2%2Ftags&post=590"}],"curies":[{"name":"wp","href":"https:\/\/api.w.org\/{rel}","templated":true}]}}