{"id":596,"date":"2013-01-14T12:43:17","date_gmt":"2013-01-14T11:43:17","guid":{"rendered":"http:\/\/www.francas71.org\/projetscitoyens\/?p=596"},"modified":"2013-02-19T09:38:30","modified_gmt":"2013-02-19T08:38:30","slug":"portraits-des-jeunes-de-saone-et-loire","status":"publish","type":"post","link":"http:\/\/projetscitoyens.francas71.org\/?p=596","title":{"rendered":"Portraits des jeunes de Sa\u00f4ne et Loire"},"content":{"rendered":"<p>Lors de la rencontre du samedi 17 novembre 2012, l&rsquo;id\u00e9e \u00e9tait de proposer aux jeunes de r\u00e9aliser des portraits photos de qualit\u00e9. Pour cela nous avons sollicit\u00e9 un photographe professionnel, une maquilleuse et une coiffeuse professionnelle et installer un vrai studio photo. Quelques accessoires ludiques, du temps pour abandonner sa timidit\u00e9 \u00e9vidente face \u00e0 l&rsquo;objectif, et au final pr\u00e8s de 600 photos des jeunes &#8230; et surtout un vrai moment de plaisir pour tous.<\/p>\n<div><object width=\"560\" height=\"420\"><param name=\"movie\" value=\"http:\/\/pf.kizoa.com\/sflite.swf?did=3902890&#038;k=1717784\"><\/param><param name=\"wmode\" value=\"transparent\"><\/param><param name=\"allowFullScreen\" value=\"true\"><\/param><\/object><br \/><a href=\"http:\/\/www.kizoa.fr\/diaporama\/d3902890k1717784o2\/brevet-2012\" onclick=\"return TrackClick('http%3A%2F%2Fwww.kizoa.fr%2Fdiaporama%2Fd3902890k1717784o2%2Fbrevet-2012','brevet+2012')\"><b>brevet 2012<\/b><\/a> &#8211; <i><a href=\"http:\/\/www.kizoa.fr\" onclick=\"return TrackClick('http%3A%2F%2Fwww.kizoa.fr','diaporama+flash')\">diaporama flash<\/a><\/i><\/div>\n<p>Photographe : <a href=\"http:\/\/www.nicolasrodet.com\/\" onclick=\"return TrackClick('http%3A%2F%2Fwww.nicolasrodet.com%2F','Nicolas+RODET')\" target=\"_blank\">Nicolas RODET<\/a><br \/>\nMaquilleuse : <a href=\"https:\/\/fr-fr.facebook.com\/helene.seraud\" onclick=\"return TrackClick('https%3A%2F%2Ffr-fr.facebook.com%2Fhelene.seraud','H%C3%A9l%C3%A8ne+SERAUD')\" target=\"_blank\">H\u00e9l\u00e8ne SERAUD<\/a><br \/>\nCoiffeuse : Florence THEVENIAU<\/p>\n","protected":false},"excerpt":{"rendered":"<p>Lors de la rencontre du samedi 17 novembre 2012, l&rsquo;id\u00e9e \u00e9tait de proposer aux jeunes de r\u00e9aliser des portraits photos de qualit\u00e9. Pour cela nous avons sollicit\u00e9 un photographe professionnel, une maquilleuse et une coiffeuse professionnelle et installer un vrai studio photo. Quelques accessoires ludiques, du temps pour abandonner sa timidit\u00e9 \u00e9vidente face \u00e0 l&rsquo;objectif, et au final pr\u00e8s de 600 photos des jeunes &#8230; et surtout un vrai moment de plaisir pour tous. brevet 2012 &#8211; diaporama flash Photographe&#8230;<\/p>\n<p class=\"read-more\"><a class=\"btn btn-default\" href=\"http:\/\/projetscitoyens.francas71.org\/?p=596\" onclick=\"return TrackClick('http%3A%2F%2Fprojetscitoyens.francas71.org%2F%3Fp%3D596','Lire+la+suite+Lire+la+suite')\">Lire la suite<span class=\"screen-reader-text\"> Lire la suite<\/span><\/a><\/p>\n","protected":false},"author":1,"featured_media":599,"comment_status":"open","ping_status":"open","sticky":false,"template":"","format":"standard","meta":{"jetpack_post_was_ever_published":false,"_jetpack_newsletter_access":"","_jetpack_dont_email_post_to_subs":false,"_jetpack_newsletter_tier_id":0,"_jetpack_memberships_contains_paywalled_content":false,"_jetpack_memberships_contains_paid_content":false,"footnotes":"","jetpack_publicize_message":"","jetpack_publicize_feature_enabled":true,"jetpack_social_post_already_shared":false,"jetpack_social_options":{"image_generator_settings":{"template":"highway","enabled":false},"version":2}},"categories":[120,122],"tags":[123,53,129,62,133],"class_list":["post-596","post","type-post","status-publish","format-standard","has-post-thumbnail","hentry","category-engagement-des-jeunes","category-brevet-de-lengagement-2012","tag-education","tag-enfants","tag-engagement","tag-francas","tag-photos"],"jetpack_publicize_connections":[],"jetpack_featured_media_url":"https:\/\/i0.wp.com\/projetscitoyens.francas71.org\/wp-content\/uploads\/2013\/01\/carte-brevet-2012.jpg?fit=741%2C625","jetpack_sharing_enabled":true,"jetpack_shortlink":"https:\/\/wp.me\/p6M0zG-9C","jetpack-related-posts":[],"jetpack_likes_enabled":true,"_links":{"self":[{"href":"http:\/\/projetscitoyens.francas71.org\/index.php?rest_route=\/wp\/v2\/posts\/596"}],"collection":[{"href":"http:\/\/projetscitoyens.francas71.org\/index.php?rest_route=\/wp\/v2\/posts"}],"about":[{"href":"http:\/\/projetscitoyens.francas71.org\/index.php?rest_route=\/wp\/v2\/types\/post"}],"author":[{"embeddable":true,"href":"http:\/\/projetscitoyens.francas71.org\/index.php?rest_route=\/wp\/v2\/users\/1"}],"replies":[{"embeddable":true,"href":"http:\/\/projetscitoyens.francas71.org\/index.php?rest_route=%2Fwp%2Fv2%2Fcomments&post=596"}],"version-history":[{"count":7,"href":"http:\/\/projetscitoyens.francas71.org\/index.php?rest_route=\/wp\/v2\/posts\/596\/revisions"}],"predecessor-version":[{"id":598,"href":"http:\/\/projetscitoyens.francas71.org\/index.php?rest_route=\/wp\/v2\/posts\/596\/revisions\/598"}],"wp:featuredmedia":[{"embeddable":true,"href":"http:\/\/projetscitoyens.francas71.org\/index.php?rest_route=\/wp\/v2\/media\/599"}],"wp:attachment":[{"href":"http:\/\/projetscitoyens.francas71.org\/index.php?rest_route=%2Fwp%2Fv2%2Fmedia&parent=596"}],"wp:term":[{"taxonomy":"category","embeddable":true,"href":"http:\/\/projetscitoyens.francas71.org\/index.php?rest_route=%2Fwp%2Fv2%2Fcategories&post=596"},{"taxonomy":"post_tag","embeddable":true,"href":"http:\/\/projetscitoyens.francas71.org\/index.php?rest_route=%2Fwp%2Fv2%2Ftags&post=596"}],"curies":[{"name":"wp","href":"https:\/\/api.w.org\/{rel}","templated":true}]}}