{"id":614,"date":"2013-01-28T12:04:45","date_gmt":"2013-01-28T11:04:45","guid":{"rendered":"http:\/\/www.francas71.org\/projetscitoyens\/?p=614"},"modified":"2013-01-28T14:49:55","modified_gmt":"2013-01-28T13:49:55","slug":"brevet-de-lengagement-2012-temoignages","status":"publish","type":"post","link":"http:\/\/projetscitoyens.francas71.org\/?p=614","title":{"rendered":"Brevet de l&rsquo;engagement 2012 &#8211; t\u00e9moignages"},"content":{"rendered":"<p>Lors de la journ\u00e9e d\u00e9partementale organis\u00e9e sur Cluny, en novembre 2012, nous avons sollicit\u00e9 les jeunes pr\u00e9sents pour des t\u00e9moignages vid\u00e9os sur leur engagement. Une petite description de leur engagement, leurs souvenirs de cet engagement, et \u00e0 quoi peut bien ressembler un engag\u00e9 ?<\/p>\n<p>Premi\u00e8re personne \u00e0 parler : Anne Laure LECAT. Elle nous pr\u00e9sente son engagement dans l&rsquo;association sportive de tir sur le Chalonnais.<\/p>\n<p>Son engagement<br \/>\n<iframe loading=\"lazy\" src=\"http:\/\/player.vimeo.com\/video\/58355920\" width=\"500\" height=\"281\" frameborder=\"0\" webkitAllowFullScreen mozallowfullscreen allowFullScreen><\/iframe> <\/p>\n<p><a href=\"http:\/\/vimeo.com\/58355920\" onclick=\"return TrackClick('http%3A%2F%2Fvimeo.com%2F58355920','Anne+Laure+Lecat+-+mon+engagement')\">Anne Laure Lecat &#8211; mon engagement<\/a> from <a href=\"http:\/\/vimeo.com\/francasenbourgogne\" onclick=\"return TrackClick('http%3A%2F%2Fvimeo.com%2Ffrancasenbourgogne','Francas+en+Bourgogne')\" onclick=\"return TrackClick('http%3A%2F%2Fvimeo.com%2Ffrancasenbourgogne','Francas+en+Bourgogne')\">Francas en Bourgogne<\/a> on <a href=\"http:\/\/vimeo.com\" onclick=\"return TrackClick('http%3A%2F%2Fvimeo.com','Vimeo')\" onclick=\"return TrackClick('http%3A%2F%2Fvimeo.com','Vimeo')\">Vimeo<\/a>.<\/p>\n<p>Son id\u00e9e d&rsquo;une t\u00eate de jeune engag\u00e9 et de jeune non engag\u00e9<br \/>\n<iframe loading=\"lazy\" src=\"http:\/\/player.vimeo.com\/video\/58357325\" width=\"500\" height=\"281\" frameborder=\"0\" webkitAllowFullScreen mozallowfullscreen allowFullScreen><\/iframe> <\/p>\n<p><a href=\"http:\/\/vimeo.com\/58357325\" onclick=\"return TrackClick('http%3A%2F%2Fvimeo.com%2F58357325','anne+laure+lecat+tete')\">anne laure lecat tete<\/a> from <a href=\"http:\/\/vimeo.com\/francasenbourgogne\" onclick=\"return TrackClick('http%3A%2F%2Fvimeo.com%2Ffrancasenbourgogne','Francas+en+Bourgogne')\" onclick=\"return TrackClick('http%3A%2F%2Fvimeo.com%2Ffrancasenbourgogne','Francas+en+Bourgogne')\">Francas en Bourgogne<\/a> on <a href=\"http:\/\/vimeo.com\" onclick=\"return TrackClick('http%3A%2F%2Fvimeo.com','Vimeo')\" onclick=\"return TrackClick('http%3A%2F%2Fvimeo.com','Vimeo')\">Vimeo<\/a>.<\/p>\n","protected":false},"excerpt":{"rendered":"<p>Lors de la journ\u00e9e d\u00e9partementale organis\u00e9e sur Cluny, en novembre 2012, nous avons sollicit\u00e9 les jeunes pr\u00e9sents pour des t\u00e9moignages vid\u00e9os sur leur engagement. Une petite description de leur engagement, leurs souvenirs de cet engagement, et \u00e0 quoi peut bien ressembler un engag\u00e9 ? Premi\u00e8re personne \u00e0 parler : Anne Laure LECAT. Elle nous pr\u00e9sente son engagement dans l&rsquo;association sportive de tir sur le Chalonnais. Son engagement Anne Laure Lecat &#8211; mon engagement from Francas en Bourgogne on Vimeo. Son&#8230;<\/p>\n<p class=\"read-more\"><a class=\"btn btn-default\" href=\"http:\/\/projetscitoyens.francas71.org\/?p=614\" onclick=\"return TrackClick('http%3A%2F%2Fprojetscitoyens.francas71.org%2F%3Fp%3D614','Lire+la+suite+Lire+la+suite')\">Lire la suite<span class=\"screen-reader-text\"> Lire la suite<\/span><\/a><\/p>\n","protected":false},"author":1,"featured_media":619,"comment_status":"open","ping_status":"open","sticky":false,"template":"","format":"standard","meta":{"jetpack_post_was_ever_published":false,"_jetpack_newsletter_access":"","_jetpack_dont_email_post_to_subs":false,"_jetpack_newsletter_tier_id":0,"_jetpack_memberships_contains_paywalled_content":false,"_jetpack_memberships_contains_paid_content":false,"footnotes":"","jetpack_publicize_message":"","jetpack_publicize_feature_enabled":true,"jetpack_social_post_already_shared":false,"jetpack_social_options":{"image_generator_settings":{"template":"highway","enabled":false},"version":2}},"categories":[120,122],"tags":[134,129,62,72,77],"class_list":["post-614","post","type-post","status-publish","format-standard","has-post-thumbnail","hentry","category-engagement-des-jeunes","category-brevet-de-lengagement-2012","tag-association","tag-engagement","tag-francas","tag-jeunes","tag-loisirs"],"jetpack_publicize_connections":[],"jetpack_featured_media_url":"https:\/\/i0.wp.com\/projetscitoyens.francas71.org\/wp-content\/uploads\/2013\/01\/AnneLaure_003-pf.jpg?fit=500%2C500","jetpack_sharing_enabled":true,"jetpack_shortlink":"https:\/\/wp.me\/p6M0zG-9U","jetpack-related-posts":[],"jetpack_likes_enabled":true,"_links":{"self":[{"href":"http:\/\/projetscitoyens.francas71.org\/index.php?rest_route=\/wp\/v2\/posts\/614"}],"collection":[{"href":"http:\/\/projetscitoyens.francas71.org\/index.php?rest_route=\/wp\/v2\/posts"}],"about":[{"href":"http:\/\/projetscitoyens.francas71.org\/index.php?rest_route=\/wp\/v2\/types\/post"}],"author":[{"embeddable":true,"href":"http:\/\/projetscitoyens.francas71.org\/index.php?rest_route=\/wp\/v2\/users\/1"}],"replies":[{"embeddable":true,"href":"http:\/\/projetscitoyens.francas71.org\/index.php?rest_route=%2Fwp%2Fv2%2Fcomments&post=614"}],"version-history":[{"count":7,"href":"http:\/\/projetscitoyens.francas71.org\/index.php?rest_route=\/wp\/v2\/posts\/614\/revisions"}],"predecessor-version":[{"id":616,"href":"http:\/\/projetscitoyens.francas71.org\/index.php?rest_route=\/wp\/v2\/posts\/614\/revisions\/616"}],"wp:featuredmedia":[{"embeddable":true,"href":"http:\/\/projetscitoyens.francas71.org\/index.php?rest_route=\/wp\/v2\/media\/619"}],"wp:attachment":[{"href":"http:\/\/projetscitoyens.francas71.org\/index.php?rest_route=%2Fwp%2Fv2%2Fmedia&parent=614"}],"wp:term":[{"taxonomy":"category","embeddable":true,"href":"http:\/\/projetscitoyens.francas71.org\/index.php?rest_route=%2Fwp%2Fv2%2Fcategories&post=614"},{"taxonomy":"post_tag","embeddable":true,"href":"http:\/\/projetscitoyens.francas71.org\/index.php?rest_route=%2Fwp%2Fv2%2Ftags&post=614"}],"curies":[{"name":"wp","href":"https:\/\/api.w.org\/{rel}","templated":true}]}}