{"id":623,"date":"2013-02-04T12:18:17","date_gmt":"2013-02-04T11:18:17","guid":{"rendered":"http:\/\/www.francas71.org\/projetscitoyens\/?p=623"},"modified":"2019-12-16T14:35:04","modified_gmt":"2019-12-16T13:35:04","slug":"brevet-de-lengagement-le-livre","status":"publish","type":"post","link":"http:\/\/projetscitoyens.francas71.org\/?p=623","title":{"rendered":"Brevet de l&rsquo;engagement &#8211; le livre !"},"content":{"rendered":"<p>Samedi 26 janvier 2013, le livre de portraits de jeunes ayant un engagement dans la vie locale sur la r\u00e9gion de Bourgogne est pr\u00e9sent\u00e9 aux jeunes. Apr\u00e8s un temps d&rsquo;\u00e9change et de d\u00e9bats sur la notion d&rsquo;engagement et ses multiples apports, les jeunes pr\u00e9sents ce jour peuvent enfin d\u00e9couvrir leurs portraits. <a href=\"http:\/\/www.francas71.org\/projetscitoyens\/wp-content\/uploads\/2013\/02\/brevet-engagement-2012-livre.pdf\" onclick=\"return TrackClick('http%3A%2F%2Fwww.francas71.org%2Fprojetscitoyens%2Fwp-content%2Fuploads%2F2013%2F02%2Fbrevet-engagement-2012-livre.pdf','Ci+joint+le+livre+en+consultation.')\" target=\"_blank\" rel=\"noopener noreferrer\">Ci joint le livre en consultation.<\/a><\/p>\n","protected":false},"excerpt":{"rendered":"<p>Samedi 26 janvier 2013, le livre de portraits de jeunes ayant un engagement dans la vie locale sur la r\u00e9gion de Bourgogne est pr\u00e9sent\u00e9 aux jeunes. Apr\u00e8s un temps d&rsquo;\u00e9change et de d\u00e9bats sur la notion d&rsquo;engagement et ses multiples apports, les jeunes pr\u00e9sents ce jour peuvent enfin d\u00e9couvrir leurs portraits. Ci joint le livre en consultation.<\/p>\n","protected":false},"author":1,"featured_media":624,"comment_status":"open","ping_status":"open","sticky":false,"template":"","format":"standard","meta":{"jetpack_post_was_ever_published":false,"_jetpack_newsletter_access":"","_jetpack_dont_email_post_to_subs":false,"_jetpack_newsletter_tier_id":0,"_jetpack_memberships_contains_paywalled_content":false,"_jetpack_memberships_contains_paid_content":false,"footnotes":"","jetpack_publicize_message":"","jetpack_publicize_feature_enabled":true,"jetpack_social_post_already_shared":false,"jetpack_social_options":{"image_generator_settings":{"template":"highway","enabled":false},"version":2}},"categories":[120,122],"tags":[131,123,129,62,72,135],"class_list":["post-623","post","type-post","status-publish","format-standard","has-post-thumbnail","hentry","category-engagement-des-jeunes","category-brevet-de-lengagement-2012","tag-bourgogne","tag-education","tag-engagement","tag-francas","tag-jeunes","tag-portraits"],"jetpack_publicize_connections":[],"jetpack_featured_media_url":"https:\/\/i0.wp.com\/projetscitoyens.francas71.org\/wp-content\/uploads\/2013\/02\/titre.jpg?fit=543%2C491","jetpack_sharing_enabled":true,"jetpack_shortlink":"https:\/\/wp.me\/p6M0zG-a3","jetpack-related-posts":[],"jetpack_likes_enabled":true,"_links":{"self":[{"href":"http:\/\/projetscitoyens.francas71.org\/index.php?rest_route=\/wp\/v2\/posts\/623"}],"collection":[{"href":"http:\/\/projetscitoyens.francas71.org\/index.php?rest_route=\/wp\/v2\/posts"}],"about":[{"href":"http:\/\/projetscitoyens.francas71.org\/index.php?rest_route=\/wp\/v2\/types\/post"}],"author":[{"embeddable":true,"href":"http:\/\/projetscitoyens.francas71.org\/index.php?rest_route=\/wp\/v2\/users\/1"}],"replies":[{"embeddable":true,"href":"http:\/\/projetscitoyens.francas71.org\/index.php?rest_route=%2Fwp%2Fv2%2Fcomments&post=623"}],"version-history":[{"count":4,"href":"http:\/\/projetscitoyens.francas71.org\/index.php?rest_route=\/wp\/v2\/posts\/623\/revisions"}],"predecessor-version":[{"id":628,"href":"http:\/\/projetscitoyens.francas71.org\/index.php?rest_route=\/wp\/v2\/posts\/623\/revisions\/628"}],"wp:featuredmedia":[{"embeddable":true,"href":"http:\/\/projetscitoyens.francas71.org\/index.php?rest_route=\/wp\/v2\/media\/624"}],"wp:attachment":[{"href":"http:\/\/projetscitoyens.francas71.org\/index.php?rest_route=%2Fwp%2Fv2%2Fmedia&parent=623"}],"wp:term":[{"taxonomy":"category","embeddable":true,"href":"http:\/\/projetscitoyens.francas71.org\/index.php?rest_route=%2Fwp%2Fv2%2Fcategories&post=623"},{"taxonomy":"post_tag","embeddable":true,"href":"http:\/\/projetscitoyens.francas71.org\/index.php?rest_route=%2Fwp%2Fv2%2Ftags&post=623"}],"curies":[{"name":"wp","href":"https:\/\/api.w.org\/{rel}","templated":true}]}}