{"id":629,"date":"2013-02-04T12:26:27","date_gmt":"2013-02-04T11:26:27","guid":{"rendered":"http:\/\/www.francas71.org\/projetscitoyens\/?p=629"},"modified":"2019-12-16T14:35:14","modified_gmt":"2019-12-16T13:35:14","slug":"agis-pour-tes-droits-2012-la-cloture","status":"publish","type":"post","link":"http:\/\/projetscitoyens.francas71.org\/?p=629","title":{"rendered":"Agis pour tes droits 2012 &#8211; la cl\u00f4ture !"},"content":{"rendered":"<p>En ce d\u00e9but d&rsquo;ann\u00e9e 2013, il nous semblait important de clore l&rsquo;op\u00e9ration p\u00e9dagogique autour des droits de l&rsquo;enfant men\u00e9e sur tout l&rsquo;automne 2012. Et pour cela nous avons r\u00e9alis\u00e9 deux supports qui seront prochainement diffus\u00e9s aupr\u00e8s des groupes participants : une affiche et un livret. Retrouver ces deux documents ci joint :<br \/>\n<a href=\"http:\/\/www.francas71.org\/projetscitoyens\/wp-content\/uploads\/2013\/02\/agis-12-affiche-merci.pdf\" onclick=\"return TrackClick('http%3A%2F%2Fwww.francas71.org%2Fprojetscitoyens%2Fwp-content%2Fuploads%2F2013%2F02%2Fagis-12-affiche-merci.pdf','l%22affiche')\" target=\"_blank\" rel=\"noopener noreferrer\"> l&rsquo;affiche<\/a><br \/>\n<a href=\"http:\/\/www.francas71.org\/projetscitoyens\/wp-content\/uploads\/2013\/02\/agis-12-livret-merci.pdf\" onclick=\"return TrackClick('http%3A%2F%2Fwww.francas71.org%2Fprojetscitoyens%2Fwp-content%2Fuploads%2F2013%2F02%2Fagis-12-livret-merci.pdf','le+livret')\" target=\"_blank\" rel=\"noopener noreferrer\"> le livret<\/a><\/p>\n","protected":false},"excerpt":{"rendered":"<p>En ce d\u00e9but d&rsquo;ann\u00e9e 2013, il nous semblait important de clore l&rsquo;op\u00e9ration p\u00e9dagogique autour des droits de l&rsquo;enfant men\u00e9e sur tout l&rsquo;automne 2012. Et pour cela nous avons r\u00e9alis\u00e9 deux supports qui seront prochainement diffus\u00e9s aupr\u00e8s des groupes participants : une affiche et un livret. Retrouver ces deux documents ci joint : l&rsquo;affiche le livret<\/p>\n","protected":false},"author":1,"featured_media":632,"comment_status":"open","ping_status":"open","sticky":false,"template":"","format":"standard","meta":{"jetpack_post_was_ever_published":false,"_jetpack_newsletter_access":"","_jetpack_dont_email_post_to_subs":false,"_jetpack_newsletter_tier_id":0,"_jetpack_memberships_contains_paywalled_content":false,"_jetpack_memberships_contains_paid_content":false,"footnotes":"","jetpack_publicize_message":"","jetpack_publicize_feature_enabled":true,"jetpack_social_post_already_shared":false,"jetpack_social_options":{"image_generator_settings":{"template":"highway","enabled":false},"version":2}},"categories":[119,138],"tags":[31,136,123,53,62],"class_list":["post-629","post","type-post","status-publish","format-standard","has-post-thumbnail","hentry","category-agis-pour-tes-droits-2","category-2012-les-droits-de-lenfant-agis-pour-tes-droits-2","tag-cide","tag-droits-de-lenfant","tag-education","tag-enfants","tag-francas"],"jetpack_publicize_connections":[],"jetpack_featured_media_url":"https:\/\/i0.wp.com\/projetscitoyens.francas71.org\/wp-content\/uploads\/2013\/02\/affiche-merci-2012.jpg?fit=500%2C727","jetpack_sharing_enabled":true,"jetpack_shortlink":"https:\/\/wp.me\/p6M0zG-a9","jetpack-related-posts":[],"jetpack_likes_enabled":true,"_links":{"self":[{"href":"http:\/\/projetscitoyens.francas71.org\/index.php?rest_route=\/wp\/v2\/posts\/629"}],"collection":[{"href":"http:\/\/projetscitoyens.francas71.org\/index.php?rest_route=\/wp\/v2\/posts"}],"about":[{"href":"http:\/\/projetscitoyens.francas71.org\/index.php?rest_route=\/wp\/v2\/types\/post"}],"author":[{"embeddable":true,"href":"http:\/\/projetscitoyens.francas71.org\/index.php?rest_route=\/wp\/v2\/users\/1"}],"replies":[{"embeddable":true,"href":"http:\/\/projetscitoyens.francas71.org\/index.php?rest_route=%2Fwp%2Fv2%2Fcomments&post=629"}],"version-history":[{"count":7,"href":"http:\/\/projetscitoyens.francas71.org\/index.php?rest_route=\/wp\/v2\/posts\/629\/revisions"}],"predecessor-version":[{"id":2963,"href":"http:\/\/projetscitoyens.francas71.org\/index.php?rest_route=\/wp\/v2\/posts\/629\/revisions\/2963"}],"wp:featuredmedia":[{"embeddable":true,"href":"http:\/\/projetscitoyens.francas71.org\/index.php?rest_route=\/wp\/v2\/media\/632"}],"wp:attachment":[{"href":"http:\/\/projetscitoyens.francas71.org\/index.php?rest_route=%2Fwp%2Fv2%2Fmedia&parent=629"}],"wp:term":[{"taxonomy":"category","embeddable":true,"href":"http:\/\/projetscitoyens.francas71.org\/index.php?rest_route=%2Fwp%2Fv2%2Fcategories&post=629"},{"taxonomy":"post_tag","embeddable":true,"href":"http:\/\/projetscitoyens.francas71.org\/index.php?rest_route=%2Fwp%2Fv2%2Ftags&post=629"}],"curies":[{"name":"wp","href":"https:\/\/api.w.org\/{rel}","templated":true}]}}