{"id":659,"date":"2013-02-04T14:54:12","date_gmt":"2013-02-04T13:54:12","guid":{"rendered":"http:\/\/www.francas71.org\/projetscitoyens\/?p=659"},"modified":"2013-02-04T14:55:24","modified_gmt":"2013-02-04T13:55:24","slug":"brevet-de-lengagement-2012-temoignages-2","status":"publish","type":"post","link":"http:\/\/projetscitoyens.francas71.org\/?p=659","title":{"rendered":"Brevet de l&rsquo;engagement 2012 &#8211; t\u00e9moignages"},"content":{"rendered":"<p>Lors de la journ\u00e9e d\u00e9partementale organis\u00e9e sur Cluny, en novembre 2012, nous avons sollicit\u00e9 les jeunes pr\u00e9sents pour des t\u00e9moignages vid\u00e9os sur leur engagement. Une petite description de leur engagement, leurs souvenirs de cet engagement, et \u00e0 quoi peut bien ressembler un engag\u00e9 ?<br \/>\nEnnouri BERGUIGA, et son engagement dans l&rsquo;association sportive de lutte de Chalon sur Sa\u00f4ne<br \/>\nSon engagement<br \/>\n<iframe loading=\"lazy\" src=\"http:\/\/player.vimeo.com\/video\/58437401\" width=\"500\" height=\"281\" frameborder=\"0\" webkitAllowFullScreen mozallowfullscreen allowFullScreen><\/iframe> <\/p>\n<p><a href=\"http:\/\/vimeo.com\/58437401\" onclick=\"return TrackClick('http%3A%2F%2Fvimeo.com%2F58437401','ennouri+berguiga+mon-engagement')\">ennouri berguiga mon-engagement<\/a> from <a href=\"http:\/\/vimeo.com\/francasenbourgogne\" onclick=\"return TrackClick('http%3A%2F%2Fvimeo.com%2Ffrancasenbourgogne','Francas+en+Bourgogne')\" onclick=\"return TrackClick('http%3A%2F%2Fvimeo.com%2Ffrancasenbourgogne','Francas+en+Bourgogne')\">Francas en Bourgogne<\/a> on <a href=\"http:\/\/vimeo.com\" onclick=\"return TrackClick('http%3A%2F%2Fvimeo.com','Vimeo')\" onclick=\"return TrackClick('http%3A%2F%2Fvimeo.com','Vimeo')\">Vimeo<\/a>.<\/p>\n<p>Ses souvenirs<br \/>\n<iframe loading=\"lazy\" src=\"http:\/\/player.vimeo.com\/video\/58437402\" width=\"500\" height=\"281\" frameborder=\"0\" webkitAllowFullScreen mozallowfullscreen allowFullScreen><\/iframe> <\/p>\n<p><a href=\"http:\/\/vimeo.com\/58437402\" onclick=\"return TrackClick('http%3A%2F%2Fvimeo.com%2F58437402','ennouri+berguiga+souvenirs')\">ennouri berguiga souvenirs<\/a> from <a href=\"http:\/\/vimeo.com\/francasenbourgogne\" onclick=\"return TrackClick('http%3A%2F%2Fvimeo.com%2Ffrancasenbourgogne','Francas+en+Bourgogne')\" onclick=\"return TrackClick('http%3A%2F%2Fvimeo.com%2Ffrancasenbourgogne','Francas+en+Bourgogne')\">Francas en Bourgogne<\/a> on <a href=\"http:\/\/vimeo.com\" onclick=\"return TrackClick('http%3A%2F%2Fvimeo.com','Vimeo')\" onclick=\"return TrackClick('http%3A%2F%2Fvimeo.com','Vimeo')\">Vimeo<\/a>.<\/p>\n","protected":false},"excerpt":{"rendered":"<p>Lors de la journ\u00e9e d\u00e9partementale organis\u00e9e sur Cluny, en novembre 2012, nous avons sollicit\u00e9 les jeunes pr\u00e9sents pour des t\u00e9moignages vid\u00e9os sur leur engagement. Une petite description de leur engagement, leurs souvenirs de cet engagement, et \u00e0 quoi peut bien ressembler un engag\u00e9 ? Ennouri BERGUIGA, et son engagement dans l&rsquo;association sportive de lutte de Chalon sur Sa\u00f4ne Son engagement ennouri berguiga mon-engagement from Francas en Bourgogne on Vimeo. Ses souvenirs ennouri berguiga souvenirs from Francas en Bourgogne on Vimeo.<\/p>\n","protected":false},"author":1,"featured_media":662,"comment_status":"open","ping_status":"open","sticky":false,"template":"","format":"standard","meta":{"jetpack_post_was_ever_published":false,"_jetpack_newsletter_access":"","_jetpack_dont_email_post_to_subs":false,"_jetpack_newsletter_tier_id":0,"_jetpack_memberships_contains_paywalled_content":false,"_jetpack_memberships_contains_paid_content":false,"footnotes":"","jetpack_publicize_message":"","jetpack_publicize_feature_enabled":true,"jetpack_social_post_already_shared":false,"jetpack_social_options":{"image_generator_settings":{"template":"highway","enabled":false},"version":2}},"categories":[120,122],"tags":[139,123,129,62,72],"class_list":["post-659","post","type-post","status-publish","format-standard","has-post-thumbnail","hentry","category-engagement-des-jeunes","category-brevet-de-lengagement-2012","tag-benevole","tag-education","tag-engagement","tag-francas","tag-jeunes"],"jetpack_publicize_connections":[],"jetpack_featured_media_url":"https:\/\/i0.wp.com\/projetscitoyens.francas71.org\/wp-content\/uploads\/2013\/02\/Ennouri_003-pf.jpg?fit=500%2C500","jetpack_sharing_enabled":true,"jetpack_shortlink":"https:\/\/wp.me\/p6M0zG-aD","jetpack-related-posts":[],"jetpack_likes_enabled":true,"_links":{"self":[{"href":"http:\/\/projetscitoyens.francas71.org\/index.php?rest_route=\/wp\/v2\/posts\/659"}],"collection":[{"href":"http:\/\/projetscitoyens.francas71.org\/index.php?rest_route=\/wp\/v2\/posts"}],"about":[{"href":"http:\/\/projetscitoyens.francas71.org\/index.php?rest_route=\/wp\/v2\/types\/post"}],"author":[{"embeddable":true,"href":"http:\/\/projetscitoyens.francas71.org\/index.php?rest_route=\/wp\/v2\/users\/1"}],"replies":[{"embeddable":true,"href":"http:\/\/projetscitoyens.francas71.org\/index.php?rest_route=%2Fwp%2Fv2%2Fcomments&post=659"}],"version-history":[{"count":2,"href":"http:\/\/projetscitoyens.francas71.org\/index.php?rest_route=\/wp\/v2\/posts\/659\/revisions"}],"predecessor-version":[{"id":663,"href":"http:\/\/projetscitoyens.francas71.org\/index.php?rest_route=\/wp\/v2\/posts\/659\/revisions\/663"}],"wp:featuredmedia":[{"embeddable":true,"href":"http:\/\/projetscitoyens.francas71.org\/index.php?rest_route=\/wp\/v2\/media\/662"}],"wp:attachment":[{"href":"http:\/\/projetscitoyens.francas71.org\/index.php?rest_route=%2Fwp%2Fv2%2Fmedia&parent=659"}],"wp:term":[{"taxonomy":"category","embeddable":true,"href":"http:\/\/projetscitoyens.francas71.org\/index.php?rest_route=%2Fwp%2Fv2%2Fcategories&post=659"},{"taxonomy":"post_tag","embeddable":true,"href":"http:\/\/projetscitoyens.francas71.org\/index.php?rest_route=%2Fwp%2Fv2%2Ftags&post=659"}],"curies":[{"name":"wp","href":"https:\/\/api.w.org\/{rel}","templated":true}]}}