{"id":674,"date":"2013-02-18T10:06:49","date_gmt":"2013-02-18T09:06:49","guid":{"rendered":"http:\/\/www.francas71.org\/projetscitoyens\/?p=674"},"modified":"2013-02-18T10:06:49","modified_gmt":"2013-02-18T09:06:49","slug":"brevet-de-lengagement-2012-temoignages-6","status":"publish","type":"post","link":"http:\/\/projetscitoyens.francas71.org\/?p=674","title":{"rendered":"Brevet de l\u2019engagement 2012 \u2013 t\u00e9moignages"},"content":{"rendered":"<p>Lors de la journ\u00e9e d\u00e9partementale organis\u00e9e sur Cluny, en novembre 2012, nous avons sollicit\u00e9 les jeunes pr\u00e9sents pour des t\u00e9moignages vid\u00e9os sur leur engagement. Une petite description de leur engagement, leurs souvenirs de cet engagement, et \u00e0 quoi peut bien ressembler un engag\u00e9 ?<br \/>\nLeila PFAU, et son engagement au Lyc\u00e9e La Prat&rsquo;s de Cluny au sein de l&rsquo;association \u00e9cologique \u00ab\u00a0les herbes folles\u00a0\u00bb.<br \/>\n<iframe loading=\"lazy\" src=\"http:\/\/player.vimeo.com\/video\/58877051\" width=\"500\" height=\"281\" frameborder=\"0\" webkitAllowFullScreen mozallowfullscreen allowFullScreen><\/iframe> <\/p>\n<p><a href=\"http:\/\/vimeo.com\/58877051\" onclick=\"return TrackClick('http%3A%2F%2Fvimeo.com%2F58877051','leila+pfau+mon-engagement')\">leila pfau mon-engagement<\/a> from <a href=\"http:\/\/vimeo.com\/francasenbourgogne\" onclick=\"return TrackClick('http%3A%2F%2Fvimeo.com%2Ffrancasenbourgogne','Francas+en+Bourgogne')\">Francas en Bourgogne<\/a> on <a href=\"http:\/\/vimeo.com\" onclick=\"return TrackClick('http%3A%2F%2Fvimeo.com','Vimeo')\">Vimeo<\/a>.<\/p>\n","protected":false},"excerpt":{"rendered":"<p>Lors de la journ\u00e9e d\u00e9partementale organis\u00e9e sur Cluny, en novembre 2012, nous avons sollicit\u00e9 les jeunes pr\u00e9sents pour des t\u00e9moignages vid\u00e9os sur leur engagement. Une petite description de leur engagement, leurs souvenirs de cet engagement, et \u00e0 quoi peut bien ressembler un engag\u00e9 ? Leila PFAU, et son engagement au Lyc\u00e9e La Prat&rsquo;s de Cluny au sein de l&rsquo;association \u00e9cologique \u00ab\u00a0les herbes folles\u00a0\u00bb. leila pfau mon-engagement from Francas en Bourgogne on Vimeo.<\/p>\n","protected":false},"author":1,"featured_media":675,"comment_status":"open","ping_status":"open","sticky":false,"template":"","format":"standard","meta":{"jetpack_post_was_ever_published":false,"_jetpack_newsletter_access":"","_jetpack_dont_email_post_to_subs":false,"_jetpack_newsletter_tier_id":0,"_jetpack_memberships_contains_paywalled_content":false,"_jetpack_memberships_contains_paid_content":false,"footnotes":"","jetpack_publicize_message":"","jetpack_publicize_feature_enabled":true,"jetpack_social_post_already_shared":false,"jetpack_social_options":{"image_generator_settings":{"template":"highway","enabled":false},"version":2}},"categories":[120,122],"tags":[134,142,129,62,72,78],"class_list":["post-674","post","type-post","status-publish","format-standard","has-post-thumbnail","hentry","category-engagement-des-jeunes","category-brevet-de-lengagement-2012","tag-association","tag-ecologie","tag-engagement","tag-francas","tag-jeunes","tag-lycee"],"jetpack_publicize_connections":[],"jetpack_featured_media_url":"https:\/\/i0.wp.com\/projetscitoyens.francas71.org\/wp-content\/uploads\/2013\/02\/Leila_002-PF.jpg?fit=500%2C500","jetpack_sharing_enabled":true,"jetpack_shortlink":"https:\/\/wp.me\/p6M0zG-aS","jetpack-related-posts":[],"jetpack_likes_enabled":true,"_links":{"self":[{"href":"http:\/\/projetscitoyens.francas71.org\/index.php?rest_route=\/wp\/v2\/posts\/674"}],"collection":[{"href":"http:\/\/projetscitoyens.francas71.org\/index.php?rest_route=\/wp\/v2\/posts"}],"about":[{"href":"http:\/\/projetscitoyens.francas71.org\/index.php?rest_route=\/wp\/v2\/types\/post"}],"author":[{"embeddable":true,"href":"http:\/\/projetscitoyens.francas71.org\/index.php?rest_route=\/wp\/v2\/users\/1"}],"replies":[{"embeddable":true,"href":"http:\/\/projetscitoyens.francas71.org\/index.php?rest_route=%2Fwp%2Fv2%2Fcomments&post=674"}],"version-history":[{"count":1,"href":"http:\/\/projetscitoyens.francas71.org\/index.php?rest_route=\/wp\/v2\/posts\/674\/revisions"}],"predecessor-version":[{"id":676,"href":"http:\/\/projetscitoyens.francas71.org\/index.php?rest_route=\/wp\/v2\/posts\/674\/revisions\/676"}],"wp:featuredmedia":[{"embeddable":true,"href":"http:\/\/projetscitoyens.francas71.org\/index.php?rest_route=\/wp\/v2\/media\/675"}],"wp:attachment":[{"href":"http:\/\/projetscitoyens.francas71.org\/index.php?rest_route=%2Fwp%2Fv2%2Fmedia&parent=674"}],"wp:term":[{"taxonomy":"category","embeddable":true,"href":"http:\/\/projetscitoyens.francas71.org\/index.php?rest_route=%2Fwp%2Fv2%2Fcategories&post=674"},{"taxonomy":"post_tag","embeddable":true,"href":"http:\/\/projetscitoyens.francas71.org\/index.php?rest_route=%2Fwp%2Fv2%2Ftags&post=674"}],"curies":[{"name":"wp","href":"https:\/\/api.w.org\/{rel}","templated":true}]}}