{"id":681,"date":"2013-02-18T10:13:48","date_gmt":"2013-02-18T09:13:48","guid":{"rendered":"http:\/\/www.francas71.org\/projetscitoyens\/?p=681"},"modified":"2013-02-18T10:13:48","modified_gmt":"2013-02-18T09:13:48","slug":"brevet-de-lengagement-2012-temoignages-8","status":"publish","type":"post","link":"http:\/\/projetscitoyens.francas71.org\/?p=681","title":{"rendered":"Brevet de l\u2019engagement 2012 \u2013 t\u00e9moignages"},"content":{"rendered":"<p>Lors de la journ\u00e9e d\u00e9partementale organis\u00e9e sur Cluny, en novembre 2012, nous avons sollicit\u00e9 les jeunes pr\u00e9sents pour des t\u00e9moignages vid\u00e9os sur leur engagement. Une petite description de leur engagement, leurs souvenirs de cet engagement, et \u00e0 quoi peut bien ressembler un engag\u00e9 ?<br \/>\nM\u00e9lanie DE BARROS, et son engagement en tant que pr\u00e9sidente de la maison des lyc\u00e9ens du lyc\u00e9e La Prat&rsquo;s de Cluny.<br \/>\n<iframe loading=\"lazy\" src=\"http:\/\/player.vimeo.com\/video\/58878584\" width=\"500\" height=\"281\" frameborder=\"0\" webkitAllowFullScreen mozallowfullscreen allowFullScreen><\/iframe> <\/p>\n<p><a href=\"http:\/\/vimeo.com\/58878584\" onclick=\"return TrackClick('http%3A%2F%2Fvimeo.com%2F58878584','melanie+de+barros+mon-engagement')\">melanie de barros mon-engagement<\/a> from <a href=\"http:\/\/vimeo.com\/francasenbourgogne\" onclick=\"return TrackClick('http%3A%2F%2Fvimeo.com%2Ffrancasenbourgogne','Francas+en+Bourgogne')\" onclick=\"return TrackClick('http%3A%2F%2Fvimeo.com%2Ffrancasenbourgogne','Francas+en+Bourgogne')\">Francas en Bourgogne<\/a> on <a href=\"http:\/\/vimeo.com\" onclick=\"return TrackClick('http%3A%2F%2Fvimeo.com','Vimeo')\" onclick=\"return TrackClick('http%3A%2F%2Fvimeo.com','Vimeo')\">Vimeo<\/a>.<\/p>\n<p>Et quelques souvenirs en vrac &#8230;.<br \/>\n<iframe loading=\"lazy\" src=\"http:\/\/player.vimeo.com\/video\/58878585\" width=\"500\" height=\"281\" frameborder=\"0\" webkitAllowFullScreen mozallowfullscreen allowFullScreen><\/iframe> <\/p>\n<p><a href=\"http:\/\/vimeo.com\/58878585\" onclick=\"return TrackClick('http%3A%2F%2Fvimeo.com%2F58878585','melanie+de+barros+souvenirs')\">melanie de barros souvenirs<\/a> from <a href=\"http:\/\/vimeo.com\/francasenbourgogne\" onclick=\"return TrackClick('http%3A%2F%2Fvimeo.com%2Ffrancasenbourgogne','Francas+en+Bourgogne')\" onclick=\"return TrackClick('http%3A%2F%2Fvimeo.com%2Ffrancasenbourgogne','Francas+en+Bourgogne')\">Francas en Bourgogne<\/a> on <a href=\"http:\/\/vimeo.com\" onclick=\"return TrackClick('http%3A%2F%2Fvimeo.com','Vimeo')\" onclick=\"return TrackClick('http%3A%2F%2Fvimeo.com','Vimeo')\">Vimeo<\/a>.<\/p>\n","protected":false},"excerpt":{"rendered":"<p>Lors de la journ\u00e9e d\u00e9partementale organis\u00e9e sur Cluny, en novembre 2012, nous avons sollicit\u00e9 les jeunes pr\u00e9sents pour des t\u00e9moignages vid\u00e9os sur leur engagement. Une petite description de leur engagement, leurs souvenirs de cet engagement, et \u00e0 quoi peut bien ressembler un engag\u00e9 ? M\u00e9lanie DE BARROS, et son engagement en tant que pr\u00e9sidente de la maison des lyc\u00e9ens du lyc\u00e9e La Prat&rsquo;s de Cluny. melanie de barros mon-engagement from Francas en Bourgogne on Vimeo. Et quelques souvenirs en vrac&#8230;<\/p>\n<p class=\"read-more\"><a class=\"btn btn-default\" href=\"http:\/\/projetscitoyens.francas71.org\/?p=681\" onclick=\"return TrackClick('http%3A%2F%2Fprojetscitoyens.francas71.org%2F%3Fp%3D681','Lire+la+suite+Lire+la+suite')\">Lire la suite<span class=\"screen-reader-text\"> Lire la suite<\/span><\/a><\/p>\n","protected":false},"author":1,"featured_media":682,"comment_status":"open","ping_status":"open","sticky":false,"template":"","format":"standard","meta":{"jetpack_post_was_ever_published":false,"_jetpack_newsletter_access":"","_jetpack_dont_email_post_to_subs":false,"_jetpack_newsletter_tier_id":0,"_jetpack_memberships_contains_paywalled_content":false,"_jetpack_memberships_contains_paid_content":false,"footnotes":"","jetpack_publicize_message":"","jetpack_publicize_feature_enabled":true,"jetpack_social_post_already_shared":false,"jetpack_social_options":{"image_generator_settings":{"template":"highway","enabled":false},"version":2}},"categories":[120,122],"tags":[134,129,62,72,78],"class_list":["post-681","post","type-post","status-publish","format-standard","has-post-thumbnail","hentry","category-engagement-des-jeunes","category-brevet-de-lengagement-2012","tag-association","tag-engagement","tag-francas","tag-jeunes","tag-lycee"],"jetpack_publicize_connections":[],"jetpack_featured_media_url":"https:\/\/i0.wp.com\/projetscitoyens.francas71.org\/wp-content\/uploads\/2013\/02\/melanie-pf.jpg?fit=500%2C457","jetpack_sharing_enabled":true,"jetpack_shortlink":"https:\/\/wp.me\/p6M0zG-aZ","jetpack-related-posts":[],"jetpack_likes_enabled":true,"_links":{"self":[{"href":"http:\/\/projetscitoyens.francas71.org\/index.php?rest_route=\/wp\/v2\/posts\/681"}],"collection":[{"href":"http:\/\/projetscitoyens.francas71.org\/index.php?rest_route=\/wp\/v2\/posts"}],"about":[{"href":"http:\/\/projetscitoyens.francas71.org\/index.php?rest_route=\/wp\/v2\/types\/post"}],"author":[{"embeddable":true,"href":"http:\/\/projetscitoyens.francas71.org\/index.php?rest_route=\/wp\/v2\/users\/1"}],"replies":[{"embeddable":true,"href":"http:\/\/projetscitoyens.francas71.org\/index.php?rest_route=%2Fwp%2Fv2%2Fcomments&post=681"}],"version-history":[{"count":1,"href":"http:\/\/projetscitoyens.francas71.org\/index.php?rest_route=\/wp\/v2\/posts\/681\/revisions"}],"predecessor-version":[{"id":683,"href":"http:\/\/projetscitoyens.francas71.org\/index.php?rest_route=\/wp\/v2\/posts\/681\/revisions\/683"}],"wp:featuredmedia":[{"embeddable":true,"href":"http:\/\/projetscitoyens.francas71.org\/index.php?rest_route=\/wp\/v2\/media\/682"}],"wp:attachment":[{"href":"http:\/\/projetscitoyens.francas71.org\/index.php?rest_route=%2Fwp%2Fv2%2Fmedia&parent=681"}],"wp:term":[{"taxonomy":"category","embeddable":true,"href":"http:\/\/projetscitoyens.francas71.org\/index.php?rest_route=%2Fwp%2Fv2%2Fcategories&post=681"},{"taxonomy":"post_tag","embeddable":true,"href":"http:\/\/projetscitoyens.francas71.org\/index.php?rest_route=%2Fwp%2Fv2%2Ftags&post=681"}],"curies":[{"name":"wp","href":"https:\/\/api.w.org\/{rel}","templated":true}]}}