{"id":697,"date":"2013-03-19T10:20:33","date_gmt":"2013-03-19T09:20:33","guid":{"rendered":"http:\/\/www.francas71.org\/projetscitoyens\/?p=697"},"modified":"2013-03-19T10:20:33","modified_gmt":"2013-03-19T09:20:33","slug":"sanvignes-les-mines-le-jury-denfants","status":"publish","type":"post","link":"http:\/\/projetscitoyens.francas71.org\/?p=697","title":{"rendered":"Sanvignes les Mines &#8211; le jury d&rsquo;enfants"},"content":{"rendered":"<p>En novembre 2012, l&rsquo;association d\u00e9partementale des Francas de Sa\u00f4ne et Loire, dans le cadre de l&rsquo;action \u00ab\u00a0Agis pour tes droits\u00a0\u00bb a rassembl\u00e9 une quarantaines d&rsquo;enfants du d\u00e9partement pour \u00eatre jury du concours d&rsquo;affiches.<\/p>\n<p>Issus de 3 centres de loisirs du d\u00e9partement (Sanvignes, G\u00e9nelard et Ciry le Noble), les enfants accompagn\u00e9s par leurs animateurs avaient pour mission d&rsquo;attribuer des points aux affiches pr\u00e9sent\u00e9es. Ces affiches avaient \u00e9t\u00e9 r\u00e9alis\u00e9es par d&rsquo;autres enfants et adolescents du d\u00e9partement dans le cadre du concours d&rsquo;affiches international, \u00ab\u00a0Agis pour tes droits\u00a0\u00bb.<\/p>\n<p>Par petits groupes ils ont circul\u00e9 d&rsquo;affiche en affiche, et en argumentant, en d\u00e9battant, ils ont \u00e9nonc\u00e9 leur r\u00e9sultat.<\/p>\n<p>Petit retour en images<\/p>\n<div><object width=\"560\" height=\"420\"><param name=\"movie\" value=\"http:\/\/pf.kizoa.com\/sflite.swf?did=4235882&#038;k=4078195\"><\/param><param name=\"wmode\" value=\"transparent\"><\/param><param name=\"allowFullScreen\" value=\"true\"><\/param><\/object><br \/><a href=\"http:\/\/www.kizoa.fr\/diaporama\/d4235882k4078195o2\/agis-2012---jury-\u00e0-sanvignes\" onclick=\"return TrackClick('http%3A%2F%2Fwww.kizoa.fr%2Fdiaporama%2Fd4235882k4078195o2%2Fagis-2012---jury-%C3%A0-sanvignes','Agis+2012+-+jury+%C3%A0+Sanvignes')\"><b>Agis 2012 &#8211; jury \u00e0 Sanvignes<\/b><\/a> &#8211; <i><a href=\"http:\/\/www.kizoa.fr\" onclick=\"return TrackClick('http%3A%2F%2Fwww.kizoa.fr','diaporamas')\">diaporamas<\/a><\/i><\/div>\n","protected":false},"excerpt":{"rendered":"<p>En novembre 2012, l&rsquo;association d\u00e9partementale des Francas de Sa\u00f4ne et Loire, dans le cadre de l&rsquo;action \u00ab\u00a0Agis pour tes droits\u00a0\u00bb a rassembl\u00e9 une quarantaines d&rsquo;enfants du d\u00e9partement pour \u00eatre jury du concours d&rsquo;affiches. Issus de 3 centres de loisirs du d\u00e9partement (Sanvignes, G\u00e9nelard et Ciry le Noble), les enfants accompagn\u00e9s par leurs animateurs avaient pour mission d&rsquo;attribuer des points aux affiches pr\u00e9sent\u00e9es. Ces affiches avaient \u00e9t\u00e9 r\u00e9alis\u00e9es par d&rsquo;autres enfants et adolescents du d\u00e9partement dans le cadre du concours d&rsquo;affiches&#8230;<\/p>\n<p class=\"read-more\"><a class=\"btn btn-default\" href=\"http:\/\/projetscitoyens.francas71.org\/?p=697\" onclick=\"return TrackClick('http%3A%2F%2Fprojetscitoyens.francas71.org%2F%3Fp%3D697','Lire+la+suite+Lire+la+suite')\">Lire la suite<span class=\"screen-reader-text\"> Lire la suite<\/span><\/a><\/p>\n","protected":false},"author":1,"featured_media":698,"comment_status":"open","ping_status":"open","sticky":false,"template":"","format":"standard","meta":{"jetpack_post_was_ever_published":false,"_jetpack_newsletter_access":"","_jetpack_dont_email_post_to_subs":false,"_jetpack_newsletter_tier_id":0,"_jetpack_memberships_contains_paywalled_content":false,"_jetpack_memberships_contains_paid_content":false,"footnotes":"","jetpack_publicize_message":"","jetpack_publicize_feature_enabled":true,"jetpack_social_post_already_shared":false,"jetpack_social_options":{"image_generator_settings":{"template":"highway","enabled":false},"version":2}},"categories":[119,138],"tags":[27,146,123,53,62,174],"class_list":["post-697","post","type-post","status-publish","format-standard","has-post-thumbnail","hentry","category-agis-pour-tes-droits-2","category-2012-les-droits-de-lenfant-agis-pour-tes-droits-2","tag-centres-de-loisirs","tag-debats-denfants","tag-education","tag-enfants","tag-francas","tag-affiches"],"jetpack_publicize_connections":[],"jetpack_featured_media_url":"https:\/\/i0.wp.com\/projetscitoyens.francas71.org\/wp-content\/uploads\/2013\/03\/jury-sanvignes-08.jpg?fit=2592%2C1944","jetpack_sharing_enabled":true,"jetpack_shortlink":"https:\/\/wp.me\/p6M0zG-bf","jetpack-related-posts":[],"jetpack_likes_enabled":true,"_links":{"self":[{"href":"http:\/\/projetscitoyens.francas71.org\/index.php?rest_route=\/wp\/v2\/posts\/697"}],"collection":[{"href":"http:\/\/projetscitoyens.francas71.org\/index.php?rest_route=\/wp\/v2\/posts"}],"about":[{"href":"http:\/\/projetscitoyens.francas71.org\/index.php?rest_route=\/wp\/v2\/types\/post"}],"author":[{"embeddable":true,"href":"http:\/\/projetscitoyens.francas71.org\/index.php?rest_route=\/wp\/v2\/users\/1"}],"replies":[{"embeddable":true,"href":"http:\/\/projetscitoyens.francas71.org\/index.php?rest_route=%2Fwp%2Fv2%2Fcomments&post=697"}],"version-history":[{"count":1,"href":"http:\/\/projetscitoyens.francas71.org\/index.php?rest_route=\/wp\/v2\/posts\/697\/revisions"}],"predecessor-version":[{"id":699,"href":"http:\/\/projetscitoyens.francas71.org\/index.php?rest_route=\/wp\/v2\/posts\/697\/revisions\/699"}],"wp:featuredmedia":[{"embeddable":true,"href":"http:\/\/projetscitoyens.francas71.org\/index.php?rest_route=\/wp\/v2\/media\/698"}],"wp:attachment":[{"href":"http:\/\/projetscitoyens.francas71.org\/index.php?rest_route=%2Fwp%2Fv2%2Fmedia&parent=697"}],"wp:term":[{"taxonomy":"category","embeddable":true,"href":"http:\/\/projetscitoyens.francas71.org\/index.php?rest_route=%2Fwp%2Fv2%2Fcategories&post=697"},{"taxonomy":"post_tag","embeddable":true,"href":"http:\/\/projetscitoyens.francas71.org\/index.php?rest_route=%2Fwp%2Fv2%2Ftags&post=697"}],"curies":[{"name":"wp","href":"https:\/\/api.w.org\/{rel}","templated":true}]}}