{"id":700,"date":"2013-03-19T10:43:54","date_gmt":"2013-03-19T09:43:54","guid":{"rendered":"http:\/\/www.francas71.org\/projetscitoyens\/?p=700"},"modified":"2013-03-19T10:43:54","modified_gmt":"2013-03-19T09:43:54","slug":"les-droits-de-lenfant-a-lecole-de-saillenard","status":"publish","type":"post","link":"http:\/\/projetscitoyens.francas71.org\/?p=700","title":{"rendered":"Les droits de l&rsquo;enfant \u00e0 l&rsquo;\u00e9cole de Saillenard"},"content":{"rendered":"<p>Le jeudi 25 octobre 2012, les enfants des classes de CE2, CM1 et CM2 de l&rsquo;\u00e9cole \u00e9l\u00e9mentaire de Saillenard (71) ont v\u00e9cu une apr\u00e8s midi intense autour de la question des droits de l&rsquo;enfant.<br \/>\nEn premier lieu, les enfants de la classe de CE2\/CM1 ont pr\u00e9sent\u00e9 les affiches et les travaux qu&rsquo;ils avaient d\u00e9j\u00e0 r\u00e9alis\u00e9s. Par petits groupes ils avaient \u00e0 r\u00e9fl\u00e9chir sur un texte de pr\u00e9sentation de leurs affiches : le choix de leur th\u00e8me, des couleurs, des visuels, des slogans. Puis ils devaient pr\u00e9senter oralement cet argumentaire \u00e0 leurs copains de classe.<br \/>\nDans un deuxi\u00e8me temps, ce sont les enfants de la classe de CE1 et de CM2 qui ont jou\u00e9 \u00e0 la bataille navale pour d\u00e9couvrir les premiers aspects de la Convention Internationale des Droits de l&rsquo;Enfant. Ils devaient, par groupe, essayer d&rsquo;identifier le plus rapidement possible les principaux droits contenus dans la Convention Internationale. Une premi\u00e8re approche qui permettait aux enseignantes de lancer une discussion sur cette question.<br \/>\nPetit retour en images sur cette apr\u00e8s midi.<\/p>\n<div><object width=\"560\" height=\"420\"><param name=\"movie\" value=\"http:\/\/pf.kizoa.com\/sflite.swf?did=4235929&#038;k=9803030\"><\/param><param name=\"wmode\" value=\"transparent\"><\/param><param name=\"allowFullScreen\" value=\"true\"><\/param><\/object><br \/><a href=\"http:\/\/www.kizoa.fr\/diaporama\/d4235929k9803030o2\/agis-2012---\u00e9cole-de-saillenard\" onclick=\"return TrackClick('http%3A%2F%2Fwww.kizoa.fr%2Fdiaporama%2Fd4235929k9803030o2%2Fagis-2012---%C3%A9cole-de-saillenard','agis+2012+-+%C3%A9cole+de+Saillenard')\"><b>agis 2012 &#8211; \u00e9cole de Saillenard<\/b><\/a> &#8211; <i><a href=\"http:\/\/www.kizoa.fr\" onclick=\"return TrackClick('http%3A%2F%2Fwww.kizoa.fr','diaporamas')\">diaporamas<\/a><\/i><\/div>\n","protected":false},"excerpt":{"rendered":"<p>Le jeudi 25 octobre 2012, les enfants des classes de CE2, CM1 et CM2 de l&rsquo;\u00e9cole \u00e9l\u00e9mentaire de Saillenard (71) ont v\u00e9cu une apr\u00e8s midi intense autour de la question des droits de l&rsquo;enfant. En premier lieu, les enfants de la classe de CE2\/CM1 ont pr\u00e9sent\u00e9 les affiches et les travaux qu&rsquo;ils avaient d\u00e9j\u00e0 r\u00e9alis\u00e9s. Par petits groupes ils avaient \u00e0 r\u00e9fl\u00e9chir sur un texte de pr\u00e9sentation de leurs affiches : le choix de leur th\u00e8me, des couleurs, des visuels,&#8230;<\/p>\n<p class=\"read-more\"><a class=\"btn btn-default\" href=\"http:\/\/projetscitoyens.francas71.org\/?p=700\" onclick=\"return TrackClick('http%3A%2F%2Fprojetscitoyens.francas71.org%2F%3Fp%3D700','Lire+la+suite+Lire+la+suite')\">Lire la suite<span class=\"screen-reader-text\"> Lire la suite<\/span><\/a><\/p>\n","protected":false},"author":1,"featured_media":701,"comment_status":"open","ping_status":"open","sticky":false,"template":"","format":"standard","meta":{"jetpack_post_was_ever_published":false,"_jetpack_newsletter_access":"","_jetpack_dont_email_post_to_subs":false,"_jetpack_newsletter_tier_id":0,"_jetpack_memberships_contains_paywalled_content":false,"_jetpack_memberships_contains_paid_content":false,"footnotes":"","jetpack_publicize_message":"","jetpack_publicize_feature_enabled":true,"jetpack_social_post_already_shared":false,"jetpack_social_options":{"image_generator_settings":{"template":"highway","enabled":false},"version":2}},"categories":[119,138],"tags":[146,136,123,53,62,73],"class_list":["post-700","post","type-post","status-publish","format-standard","has-post-thumbnail","hentry","category-agis-pour-tes-droits-2","category-2012-les-droits-de-lenfant-agis-pour-tes-droits-2","tag-debats-denfants","tag-droits-de-lenfant","tag-education","tag-enfants","tag-francas","tag-jeux"],"jetpack_publicize_connections":[],"jetpack_featured_media_url":"https:\/\/i0.wp.com\/projetscitoyens.francas71.org\/wp-content\/uploads\/2013\/03\/saillenard-09.jpg?fit=2592%2C1944","jetpack_sharing_enabled":true,"jetpack_shortlink":"https:\/\/wp.me\/p6M0zG-bi","jetpack-related-posts":[],"jetpack_likes_enabled":true,"_links":{"self":[{"href":"http:\/\/projetscitoyens.francas71.org\/index.php?rest_route=\/wp\/v2\/posts\/700"}],"collection":[{"href":"http:\/\/projetscitoyens.francas71.org\/index.php?rest_route=\/wp\/v2\/posts"}],"about":[{"href":"http:\/\/projetscitoyens.francas71.org\/index.php?rest_route=\/wp\/v2\/types\/post"}],"author":[{"embeddable":true,"href":"http:\/\/projetscitoyens.francas71.org\/index.php?rest_route=\/wp\/v2\/users\/1"}],"replies":[{"embeddable":true,"href":"http:\/\/projetscitoyens.francas71.org\/index.php?rest_route=%2Fwp%2Fv2%2Fcomments&post=700"}],"version-history":[{"count":1,"href":"http:\/\/projetscitoyens.francas71.org\/index.php?rest_route=\/wp\/v2\/posts\/700\/revisions"}],"predecessor-version":[{"id":702,"href":"http:\/\/projetscitoyens.francas71.org\/index.php?rest_route=\/wp\/v2\/posts\/700\/revisions\/702"}],"wp:featuredmedia":[{"embeddable":true,"href":"http:\/\/projetscitoyens.francas71.org\/index.php?rest_route=\/wp\/v2\/media\/701"}],"wp:attachment":[{"href":"http:\/\/projetscitoyens.francas71.org\/index.php?rest_route=%2Fwp%2Fv2%2Fmedia&parent=700"}],"wp:term":[{"taxonomy":"category","embeddable":true,"href":"http:\/\/projetscitoyens.francas71.org\/index.php?rest_route=%2Fwp%2Fv2%2Fcategories&post=700"},{"taxonomy":"post_tag","embeddable":true,"href":"http:\/\/projetscitoyens.francas71.org\/index.php?rest_route=%2Fwp%2Fv2%2Ftags&post=700"}],"curies":[{"name":"wp","href":"https:\/\/api.w.org\/{rel}","templated":true}]}}