{"id":703,"date":"2013-03-19T11:11:16","date_gmt":"2013-03-19T10:11:16","guid":{"rendered":"http:\/\/www.francas71.org\/projetscitoyens\/?p=703"},"modified":"2013-03-19T11:11:16","modified_gmt":"2013-03-19T10:11:16","slug":"les-droits-de-lenfant-a-lecole-de-salornay-sur-guye","status":"publish","type":"post","link":"http:\/\/projetscitoyens.francas71.org\/?p=703","title":{"rendered":"Les droits de l&rsquo;enfant \u00e0 l&rsquo;\u00e9cole de Salornay sur Guye"},"content":{"rendered":"<p>Dans le cadre de leur projet d&rsquo;\u00e9cole autour de l&rsquo;\u00e9ducation \u00e0 la citoyennet\u00e9 et plus particuli\u00e8rement sur la d\u00e9couverte de la Convention Internationale des Droits de l&rsquo;enfant, la classe de CM1\/CM2 de Mme Beurtin a organis\u00e9 une apr\u00e8s midi extraordinaire le vendredi 16 novembre 2012.<br \/>\nPar petits groupes, les enfants devaient dans un premier temps r\u00e9aliser une affiche pour pr\u00e9senter les droits de l&rsquo;enfant \u00e0 partir de 4 questions : pour r\u00e9ussir mon enfance, j&rsquo;ai besoin de vivre, d&rsquo;exister, d&rsquo;\u00eatre prot\u00e9g\u00e9, de me d\u00e9velopper et d&rsquo;agir. Accompagn\u00e9 par leur enseignante et l&rsquo;animateur des Francas, et \u00e0 partir de documents divers, ils ont r\u00e9fl\u00e9chi, d\u00e9battu et construit de mani\u00e8re collective des affiches. Puis ils devaient r\u00e9aliser seul ou \u00e0 deux, une petite carte pour interpeller le public sur une question : pour les enfants, demain je souhaiterais que &#8230;<br \/>\nRetour en images sur cette animation<\/p>\n<div><object width=\"560\" height=\"420\"><param name=\"movie\" value=\"http:\/\/pf.kizoa.com\/sflite.swf?did=4236022&#038;k=6605594\"><\/param><param name=\"wmode\" value=\"transparent\"><\/param><param name=\"allowFullScreen\" value=\"true\"><\/param><\/object><br \/><a href=\"http:\/\/www.kizoa.fr\/diaporama\/d4236022k6605594o2\/agis-2012---\u00e9cole-de-salornay-71\" onclick=\"return TrackClick('http%3A%2F%2Fwww.kizoa.fr%2Fdiaporama%2Fd4236022k6605594o2%2Fagis-2012---%C3%A9cole-de-salornay-71','agis+2012+-+%C3%A9cole+de+Salornay+%2871%29')\"><b>agis 2012 &#8211; \u00e9cole de Salornay (71)<\/b><\/a> &#8211; <i><a href=\"http:\/\/www.kizoa.fr\" onclick=\"return TrackClick('http%3A%2F%2Fwww.kizoa.fr','diaporamas')\">diaporamas<\/a><\/i><\/div>\n","protected":false},"excerpt":{"rendered":"<p>Dans le cadre de leur projet d&rsquo;\u00e9cole autour de l&rsquo;\u00e9ducation \u00e0 la citoyennet\u00e9 et plus particuli\u00e8rement sur la d\u00e9couverte de la Convention Internationale des Droits de l&rsquo;enfant, la classe de CM1\/CM2 de Mme Beurtin a organis\u00e9 une apr\u00e8s midi extraordinaire le vendredi 16 novembre 2012. Par petits groupes, les enfants devaient dans un premier temps r\u00e9aliser une affiche pour pr\u00e9senter les droits de l&rsquo;enfant \u00e0 partir de 4 questions : pour r\u00e9ussir mon enfance, j&rsquo;ai besoin de vivre, d&rsquo;exister, d&rsquo;\u00eatre&#8230;<\/p>\n<p class=\"read-more\"><a class=\"btn btn-default\" href=\"http:\/\/projetscitoyens.francas71.org\/?p=703\" onclick=\"return TrackClick('http%3A%2F%2Fprojetscitoyens.francas71.org%2F%3Fp%3D703','Lire+la+suite+Lire+la+suite')\">Lire la suite<span class=\"screen-reader-text\"> Lire la suite<\/span><\/a><\/p>\n","protected":false},"author":1,"featured_media":704,"comment_status":"open","ping_status":"open","sticky":false,"template":"","format":"standard","meta":{"jetpack_post_was_ever_published":false,"_jetpack_newsletter_access":"","_jetpack_dont_email_post_to_subs":false,"_jetpack_newsletter_tier_id":0,"_jetpack_memberships_contains_paywalled_content":false,"_jetpack_memberships_contains_paid_content":false,"footnotes":"","jetpack_publicize_message":"","jetpack_publicize_feature_enabled":true,"jetpack_social_post_already_shared":false,"jetpack_social_options":{"image_generator_settings":{"template":"highway","enabled":false},"version":2}},"categories":[119,138],"tags":[146,136,49,123,53,62],"class_list":["post-703","post","type-post","status-publish","format-standard","has-post-thumbnail","hentry","category-agis-pour-tes-droits-2","category-2012-les-droits-de-lenfant-agis-pour-tes-droits-2","tag-debats-denfants","tag-droits-de-lenfant","tag-ecoles","tag-education","tag-enfants","tag-francas"],"jetpack_publicize_connections":[],"jetpack_featured_media_url":"https:\/\/i0.wp.com\/projetscitoyens.francas71.org\/wp-content\/uploads\/2013\/03\/salornay-02.jpg?fit=2592%2C1944","jetpack_sharing_enabled":true,"jetpack_shortlink":"https:\/\/wp.me\/p6M0zG-bl","jetpack-related-posts":[],"jetpack_likes_enabled":true,"_links":{"self":[{"href":"http:\/\/projetscitoyens.francas71.org\/index.php?rest_route=\/wp\/v2\/posts\/703"}],"collection":[{"href":"http:\/\/projetscitoyens.francas71.org\/index.php?rest_route=\/wp\/v2\/posts"}],"about":[{"href":"http:\/\/projetscitoyens.francas71.org\/index.php?rest_route=\/wp\/v2\/types\/post"}],"author":[{"embeddable":true,"href":"http:\/\/projetscitoyens.francas71.org\/index.php?rest_route=\/wp\/v2\/users\/1"}],"replies":[{"embeddable":true,"href":"http:\/\/projetscitoyens.francas71.org\/index.php?rest_route=%2Fwp%2Fv2%2Fcomments&post=703"}],"version-history":[{"count":1,"href":"http:\/\/projetscitoyens.francas71.org\/index.php?rest_route=\/wp\/v2\/posts\/703\/revisions"}],"predecessor-version":[{"id":705,"href":"http:\/\/projetscitoyens.francas71.org\/index.php?rest_route=\/wp\/v2\/posts\/703\/revisions\/705"}],"wp:featuredmedia":[{"embeddable":true,"href":"http:\/\/projetscitoyens.francas71.org\/index.php?rest_route=\/wp\/v2\/media\/704"}],"wp:attachment":[{"href":"http:\/\/projetscitoyens.francas71.org\/index.php?rest_route=%2Fwp%2Fv2%2Fmedia&parent=703"}],"wp:term":[{"taxonomy":"category","embeddable":true,"href":"http:\/\/projetscitoyens.francas71.org\/index.php?rest_route=%2Fwp%2Fv2%2Fcategories&post=703"},{"taxonomy":"post_tag","embeddable":true,"href":"http:\/\/projetscitoyens.francas71.org\/index.php?rest_route=%2Fwp%2Fv2%2Ftags&post=703"}],"curies":[{"name":"wp","href":"https:\/\/api.w.org\/{rel}","templated":true}]}}