{"id":706,"date":"2013-03-19T12:05:46","date_gmt":"2013-03-19T11:05:46","guid":{"rendered":"http:\/\/www.francas71.org\/projetscitoyens\/?p=706"},"modified":"2013-03-19T12:05:46","modified_gmt":"2013-03-19T11:05:46","slug":"les-droits-de-lenfant-a-lecole-la-vineuse","status":"publish","type":"post","link":"http:\/\/projetscitoyens.francas71.org\/?p=706","title":{"rendered":"Les droits de l&rsquo;enfant \u00e0 l&rsquo;\u00e9cole La Vineuse"},"content":{"rendered":"<p>Vendredi 16 novembre 2012, au petit matin, en arrivant dans leur classe, les enfants de CE et de CM de l&rsquo;\u00e9cole primaire La Vineuse (71), ont eu une surprise : toutes les tables \u00e9taient bouscul\u00e9es ! Et sit\u00f4t assis, ils ont eu \u00e0 se questionner sur un sujet sensible : les droits de l&rsquo;enfant. Plut\u00f4t qu&rsquo;un long discours les enseignantes avaient invit\u00e9 un animateur des Francas \u00e0 venir animer un temps de discussion et d&rsquo;\u00e9change autour de cette question et d&rsquo;un texte : la Convention Internationale des Droits de l&rsquo;Enfant.<br \/>\nPar petits groupes, les enfants avaient \u00e0 r\u00e9aliser des affiches pour pr\u00e9senter diff\u00e9rents droits inscrits dans la Convention : le droit \u00e0 la sant\u00e9, la protection et l&rsquo;assistance, le droit \u00e0 l&rsquo;identit\u00e9 et \u00e0 la famille, le droit \u00e0 l&rsquo;\u00e9ducation, le droit aux loisirs, le droit de participer, de s&rsquo;exprimer, de s&rsquo;associer.<br \/>\nApr\u00e8s avoir feuillet\u00e9, d\u00e9coup\u00e9, coll\u00e9, argument\u00e9, les enfants devaient pr\u00e9senter oralement leur vision de ces droits.<br \/>\nPetit retour en image sur cette matin\u00e9e<\/p>\n<div><object width=\"560\" height=\"420\"><param name=\"movie\" value=\"http:\/\/pf.kizoa.com\/sflite.swf?did=4236287&#038;k=3015883\"><\/param><param name=\"wmode\" value=\"transparent\"><\/param><param name=\"allowFullScreen\" value=\"true\"><\/param><\/object><br \/><a href=\"http:\/\/www.kizoa.fr\/diaporama\/d4236287k3015883o2\/agis-2012---\u00e9cole-la-vineuse\" onclick=\"return TrackClick('http%3A%2F%2Fwww.kizoa.fr%2Fdiaporama%2Fd4236287k3015883o2%2Fagis-2012---%C3%A9cole-la-vineuse','agis+2012+-+%C3%A9cole+La+Vineuse')\"><b>agis 2012 &#8211; \u00e9cole La Vineuse<\/b><\/a> &#8211; <i><a href=\"http:\/\/www.kizoa.fr\" onclick=\"return TrackClick('http%3A%2F%2Fwww.kizoa.fr','diaporama')\">diaporama<\/a><\/i><\/div>\n","protected":false},"excerpt":{"rendered":"<p>Vendredi 16 novembre 2012, au petit matin, en arrivant dans leur classe, les enfants de CE et de CM de l&rsquo;\u00e9cole primaire La Vineuse (71), ont eu une surprise : toutes les tables \u00e9taient bouscul\u00e9es ! Et sit\u00f4t assis, ils ont eu \u00e0 se questionner sur un sujet sensible : les droits de l&rsquo;enfant. Plut\u00f4t qu&rsquo;un long discours les enseignantes avaient invit\u00e9 un animateur des Francas \u00e0 venir animer un temps de discussion et d&rsquo;\u00e9change autour de cette question et&#8230;<\/p>\n<p class=\"read-more\"><a class=\"btn btn-default\" href=\"http:\/\/projetscitoyens.francas71.org\/?p=706\" onclick=\"return TrackClick('http%3A%2F%2Fprojetscitoyens.francas71.org%2F%3Fp%3D706','Lire+la+suite+Lire+la+suite')\">Lire la suite<span class=\"screen-reader-text\"> Lire la suite<\/span><\/a><\/p>\n","protected":false},"author":1,"featured_media":707,"comment_status":"open","ping_status":"open","sticky":false,"template":"","format":"standard","meta":{"jetpack_post_was_ever_published":false,"_jetpack_newsletter_access":"","_jetpack_dont_email_post_to_subs":false,"_jetpack_newsletter_tier_id":0,"_jetpack_memberships_contains_paywalled_content":false,"_jetpack_memberships_contains_paid_content":false,"footnotes":"","jetpack_publicize_message":"","jetpack_publicize_feature_enabled":true,"jetpack_social_post_already_shared":false,"jetpack_social_options":{"image_generator_settings":{"template":"highway","enabled":false},"version":2}},"categories":[119,138],"tags":[146,136,47,123,53,62,174],"class_list":["post-706","post","type-post","status-publish","format-standard","has-post-thumbnail","hentry","category-agis-pour-tes-droits-2","category-2012-les-droits-de-lenfant-agis-pour-tes-droits-2","tag-debats-denfants","tag-droits-de-lenfant","tag-ecole","tag-education","tag-enfants","tag-francas","tag-affiches"],"jetpack_publicize_connections":[],"jetpack_featured_media_url":"https:\/\/i0.wp.com\/projetscitoyens.francas71.org\/wp-content\/uploads\/2013\/03\/la-vineuse-02.jpg?fit=2592%2C1944","jetpack_sharing_enabled":true,"jetpack_shortlink":"https:\/\/wp.me\/p6M0zG-bo","jetpack-related-posts":[],"jetpack_likes_enabled":true,"_links":{"self":[{"href":"http:\/\/projetscitoyens.francas71.org\/index.php?rest_route=\/wp\/v2\/posts\/706"}],"collection":[{"href":"http:\/\/projetscitoyens.francas71.org\/index.php?rest_route=\/wp\/v2\/posts"}],"about":[{"href":"http:\/\/projetscitoyens.francas71.org\/index.php?rest_route=\/wp\/v2\/types\/post"}],"author":[{"embeddable":true,"href":"http:\/\/projetscitoyens.francas71.org\/index.php?rest_route=\/wp\/v2\/users\/1"}],"replies":[{"embeddable":true,"href":"http:\/\/projetscitoyens.francas71.org\/index.php?rest_route=%2Fwp%2Fv2%2Fcomments&post=706"}],"version-history":[{"count":1,"href":"http:\/\/projetscitoyens.francas71.org\/index.php?rest_route=\/wp\/v2\/posts\/706\/revisions"}],"predecessor-version":[{"id":708,"href":"http:\/\/projetscitoyens.francas71.org\/index.php?rest_route=\/wp\/v2\/posts\/706\/revisions\/708"}],"wp:featuredmedia":[{"embeddable":true,"href":"http:\/\/projetscitoyens.francas71.org\/index.php?rest_route=\/wp\/v2\/media\/707"}],"wp:attachment":[{"href":"http:\/\/projetscitoyens.francas71.org\/index.php?rest_route=%2Fwp%2Fv2%2Fmedia&parent=706"}],"wp:term":[{"taxonomy":"category","embeddable":true,"href":"http:\/\/projetscitoyens.francas71.org\/index.php?rest_route=%2Fwp%2Fv2%2Fcategories&post=706"},{"taxonomy":"post_tag","embeddable":true,"href":"http:\/\/projetscitoyens.francas71.org\/index.php?rest_route=%2Fwp%2Fv2%2Ftags&post=706"}],"curies":[{"name":"wp","href":"https:\/\/api.w.org\/{rel}","templated":true}]}}