{"id":709,"date":"2013-03-19T12:20:38","date_gmt":"2013-03-19T11:20:38","guid":{"rendered":"http:\/\/www.francas71.org\/projetscitoyens\/?p=709"},"modified":"2013-03-19T12:26:19","modified_gmt":"2013-03-19T11:26:19","slug":"les-droits-de-lenfant-a-lecole-maternelle-de-st-andre-le-desert","status":"publish","type":"post","link":"http:\/\/projetscitoyens.francas71.org\/?p=709","title":{"rendered":"Les droits de l&rsquo;enfant \u00e0 l&rsquo;\u00e9cole maternelle de St Andr\u00e9 le D\u00e9sert"},"content":{"rendered":"<p>Interpell\u00e9e par deux enseignantes de maternelle de l&rsquo;\u00e9cole de St Andr\u00e9 le D\u00e9sert sur la possibilit\u00e9 de travailler sur la question des droits de l&rsquo;enfant avec leurs \u00e9l\u00e8ves, l&rsquo;association d\u00e9partementale des Francas de Sa\u00f4ne et Loire a relev\u00e9 le d\u00e9fi et a propos\u00e9, en novembre 2012, une intervention aupr\u00e8s des deux classes de l&rsquo;\u00e9cole sur ce th\u00e8me.<br \/>\nUn petit matin de novembre, le jeudi 15 exactement, un animateur des Francas accompagn\u00e9 d&rsquo;une animatrice b\u00e9n\u00e9vole, arrive dans les classes. Une valise en fer dans la main, des crayons sur la table, des grandes feuilles de couleur, de la colle, et une fois la surprise pass\u00e9e, l&rsquo;animation peut d\u00e9buter.<br \/>\nUne s\u00e9rie de questions pour aborder cette th\u00e9matique des droits avec les plus petits (des touts petits aux CP) : qu&rsquo;est ce qui est bon pour moi pour bien vivre ? de quoi j&rsquo;ai absolument besoin pour vivre ? qu&rsquo;est ce qui me fait du mal ? et en ouvrant la valise en fer, les enfants d\u00e9couvrent diff\u00e9rents objets, diff\u00e9rentes images qui peuvent leur permettre de r\u00e9pondre \u00e0 ces questions.<br \/>\nPetit \u00e0 petit, les faisant parler les uns apr\u00e8s les autres, allant chercher ceux qui ont le plus de mal pour s&rsquo;exprimer, deux affiches se mat\u00e9rialisent : une avec ce qui est bon pour moi, une avec ce qui me fait du mal.<br \/>\nAu final, une exp\u00e9rience riche \u00e0 la fois pour les enfants et pour les adultes pr\u00e9sents.<br \/>\nPetit retour en images sur cette intervention<\/p>\n<div><object width=\"560\" height=\"420\"><param name=\"movie\" value=\"http:\/\/pf.kizoa.com\/sflite.swf?did=4236351&#038;k=8355709\"><\/param><param name=\"wmode\" value=\"transparent\"><\/param><param name=\"allowFullScreen\" value=\"true\"><\/param><\/object><br \/><a href=\"http:\/\/www.kizoa.fr\/diaporama\/d4236351k8355709o2\/agis-2012---\u00e9cole-st-andr\u00e9-le-d\u00e9sert\" onclick=\"return TrackClick('http%3A%2F%2Fwww.kizoa.fr%2Fdiaporama%2Fd4236351k8355709o2%2Fagis-2012---%C3%A9cole-st-andr%C3%A9-le-d%C3%A9sert','agis+2012+-+%C3%A9cole+St+Andr%C3%A9+le+D%C3%A9sert')\"><b>agis 2012 &#8211; \u00e9cole St Andr\u00e9 le D\u00e9sert<\/b><\/a> &#8211; <i><a href=\"http:\/\/www.kizoa.fr\" onclick=\"return TrackClick('http%3A%2F%2Fwww.kizoa.fr','diaporama')\">diaporama<\/a><\/i><\/div>\n","protected":false},"excerpt":{"rendered":"<p>Interpell\u00e9e par deux enseignantes de maternelle de l&rsquo;\u00e9cole de St Andr\u00e9 le D\u00e9sert sur la possibilit\u00e9 de travailler sur la question des droits de l&rsquo;enfant avec leurs \u00e9l\u00e8ves, l&rsquo;association d\u00e9partementale des Francas de Sa\u00f4ne et Loire a relev\u00e9 le d\u00e9fi et a propos\u00e9, en novembre 2012, une intervention aupr\u00e8s des deux classes de l&rsquo;\u00e9cole sur ce th\u00e8me. Un petit matin de novembre, le jeudi 15 exactement, un animateur des Francas accompagn\u00e9 d&rsquo;une animatrice b\u00e9n\u00e9vole, arrive dans les classes. Une valise&#8230;<\/p>\n<p class=\"read-more\"><a class=\"btn btn-default\" href=\"http:\/\/projetscitoyens.francas71.org\/?p=709\" onclick=\"return TrackClick('http%3A%2F%2Fprojetscitoyens.francas71.org%2F%3Fp%3D709','Lire+la+suite+Lire+la+suite')\">Lire la suite<span class=\"screen-reader-text\"> Lire la suite<\/span><\/a><\/p>\n","protected":false},"author":1,"featured_media":710,"comment_status":"open","ping_status":"open","sticky":false,"template":"","format":"standard","meta":{"jetpack_post_was_ever_published":false,"_jetpack_newsletter_access":"","_jetpack_dont_email_post_to_subs":false,"_jetpack_newsletter_tier_id":0,"_jetpack_memberships_contains_paywalled_content":false,"_jetpack_memberships_contains_paid_content":false,"footnotes":"","jetpack_publicize_message":"","jetpack_publicize_feature_enabled":true,"jetpack_social_post_already_shared":false,"jetpack_social_options":{"image_generator_settings":{"template":"highway","enabled":false},"version":2}},"categories":[119,138],"tags":[146,136,49,123,53,62],"class_list":["post-709","post","type-post","status-publish","format-standard","has-post-thumbnail","hentry","category-agis-pour-tes-droits-2","category-2012-les-droits-de-lenfant-agis-pour-tes-droits-2","tag-debats-denfants","tag-droits-de-lenfant","tag-ecoles","tag-education","tag-enfants","tag-francas"],"jetpack_publicize_connections":[],"jetpack_featured_media_url":"https:\/\/i0.wp.com\/projetscitoyens.francas71.org\/wp-content\/uploads\/2013\/03\/st-andre-03.jpg?fit=2592%2C1944","jetpack_sharing_enabled":true,"jetpack_shortlink":"https:\/\/wp.me\/p6M0zG-br","jetpack-related-posts":[],"jetpack_likes_enabled":true,"_links":{"self":[{"href":"http:\/\/projetscitoyens.francas71.org\/index.php?rest_route=\/wp\/v2\/posts\/709"}],"collection":[{"href":"http:\/\/projetscitoyens.francas71.org\/index.php?rest_route=\/wp\/v2\/posts"}],"about":[{"href":"http:\/\/projetscitoyens.francas71.org\/index.php?rest_route=\/wp\/v2\/types\/post"}],"author":[{"embeddable":true,"href":"http:\/\/projetscitoyens.francas71.org\/index.php?rest_route=\/wp\/v2\/users\/1"}],"replies":[{"embeddable":true,"href":"http:\/\/projetscitoyens.francas71.org\/index.php?rest_route=%2Fwp%2Fv2%2Fcomments&post=709"}],"version-history":[{"count":2,"href":"http:\/\/projetscitoyens.francas71.org\/index.php?rest_route=\/wp\/v2\/posts\/709\/revisions"}],"predecessor-version":[{"id":712,"href":"http:\/\/projetscitoyens.francas71.org\/index.php?rest_route=\/wp\/v2\/posts\/709\/revisions\/712"}],"wp:featuredmedia":[{"embeddable":true,"href":"http:\/\/projetscitoyens.francas71.org\/index.php?rest_route=\/wp\/v2\/media\/710"}],"wp:attachment":[{"href":"http:\/\/projetscitoyens.francas71.org\/index.php?rest_route=%2Fwp%2Fv2%2Fmedia&parent=709"}],"wp:term":[{"taxonomy":"category","embeddable":true,"href":"http:\/\/projetscitoyens.francas71.org\/index.php?rest_route=%2Fwp%2Fv2%2Fcategories&post=709"},{"taxonomy":"post_tag","embeddable":true,"href":"http:\/\/projetscitoyens.francas71.org\/index.php?rest_route=%2Fwp%2Fv2%2Ftags&post=709"}],"curies":[{"name":"wp","href":"https:\/\/api.w.org\/{rel}","templated":true}]}}