{"id":713,"date":"2013-03-19T12:32:00","date_gmt":"2013-03-19T11:32:00","guid":{"rendered":"http:\/\/www.francas71.org\/projetscitoyens\/?p=713"},"modified":"2013-03-19T12:35:14","modified_gmt":"2013-03-19T11:35:14","slug":"latec-de-ciry-le-noble-dans-la-presse-locale","status":"publish","type":"post","link":"http:\/\/projetscitoyens.francas71.org\/?p=713","title":{"rendered":"L&rsquo;ATEC de Ciry le Noble dans la presse locale"},"content":{"rendered":"<p>Apr\u00e8s la signature officielle des documents des deux ATEC, celle de Ciry le Noble et de G\u00e9nelard, le Journal de Sa\u00f4ne et Loire relate cet instant solennel.<\/p>\n<p><a href=\"http:\/\/www.francas71.org\/projetscitoyens\/wp-content\/uploads\/2013\/03\/AD71-ATEC-11-decembre-12.pdf\" onclick=\"return TrackClick('http%3A%2F%2Fwww.francas71.org%2Fprojetscitoyens%2Fwp-content%2Fuploads%2F2013%2F03%2FAD71-ATEC-11-decembre-12.pdf','AD71+-+ATEC+-+11+decembre+12')\">AD71 &#8211; ATEC &#8211; 11 decembre 12<\/a><\/p>\n<p>&nbsp;<\/p>\n","protected":false},"excerpt":{"rendered":"<p>Apr\u00e8s la signature officielle des documents des deux ATEC, celle de Ciry le Noble et de G\u00e9nelard, le Journal de Sa\u00f4ne et Loire relate cet instant solennel. AD71 &#8211; ATEC &#8211; 11 decembre 12 &nbsp;<\/p>\n","protected":false},"author":1,"featured_media":717,"comment_status":"open","ping_status":"open","sticky":false,"template":"","format":"standard","meta":{"jetpack_post_was_ever_published":false,"_jetpack_newsletter_access":"","_jetpack_dont_email_post_to_subs":false,"_jetpack_newsletter_tier_id":0,"_jetpack_memberships_contains_paywalled_content":false,"_jetpack_memberships_contains_paid_content":false,"footnotes":"","jetpack_publicize_message":"","jetpack_publicize_feature_enabled":true,"jetpack_social_post_already_shared":false,"jetpack_social_options":{"image_generator_settings":{"template":"highway","enabled":false},"version":2}},"categories":[112,116],"tags":[123,53,129,62],"class_list":["post-713","post","type-post","status-publish","format-standard","has-post-thumbnail","hentry","category-atec","category-atec-ciry-le-noble-commission-jeunesse","tag-education","tag-enfants","tag-engagement","tag-francas"],"jetpack_publicize_connections":[],"jetpack_featured_media_url":"https:\/\/i0.wp.com\/projetscitoyens.francas71.org\/wp-content\/uploads\/2013\/03\/jsl-ciry-dec-12.jpg?fit=577%2C442","jetpack_sharing_enabled":true,"jetpack_shortlink":"https:\/\/wp.me\/p6M0zG-bv","jetpack-related-posts":[],"jetpack_likes_enabled":true,"_links":{"self":[{"href":"http:\/\/projetscitoyens.francas71.org\/index.php?rest_route=\/wp\/v2\/posts\/713"}],"collection":[{"href":"http:\/\/projetscitoyens.francas71.org\/index.php?rest_route=\/wp\/v2\/posts"}],"about":[{"href":"http:\/\/projetscitoyens.francas71.org\/index.php?rest_route=\/wp\/v2\/types\/post"}],"author":[{"embeddable":true,"href":"http:\/\/projetscitoyens.francas71.org\/index.php?rest_route=\/wp\/v2\/users\/1"}],"replies":[{"embeddable":true,"href":"http:\/\/projetscitoyens.francas71.org\/index.php?rest_route=%2Fwp%2Fv2%2Fcomments&post=713"}],"version-history":[{"count":4,"href":"http:\/\/projetscitoyens.francas71.org\/index.php?rest_route=\/wp\/v2\/posts\/713\/revisions"}],"predecessor-version":[{"id":716,"href":"http:\/\/projetscitoyens.francas71.org\/index.php?rest_route=\/wp\/v2\/posts\/713\/revisions\/716"}],"wp:featuredmedia":[{"embeddable":true,"href":"http:\/\/projetscitoyens.francas71.org\/index.php?rest_route=\/wp\/v2\/media\/717"}],"wp:attachment":[{"href":"http:\/\/projetscitoyens.francas71.org\/index.php?rest_route=%2Fwp%2Fv2%2Fmedia&parent=713"}],"wp:term":[{"taxonomy":"category","embeddable":true,"href":"http:\/\/projetscitoyens.francas71.org\/index.php?rest_route=%2Fwp%2Fv2%2Fcategories&post=713"},{"taxonomy":"post_tag","embeddable":true,"href":"http:\/\/projetscitoyens.francas71.org\/index.php?rest_route=%2Fwp%2Fv2%2Ftags&post=713"}],"curies":[{"name":"wp","href":"https:\/\/api.w.org\/{rel}","templated":true}]}}