{"id":725,"date":"2013-07-22T16:11:28","date_gmt":"2013-07-22T15:11:28","guid":{"rendered":"http:\/\/www.francas71.org\/projetscitoyens\/?p=725"},"modified":"2013-07-22T16:20:24","modified_gmt":"2013-07-22T15:20:24","slug":"cloture-des-atec-solidaires","status":"publish","type":"post","link":"http:\/\/projetscitoyens.francas71.org\/?p=725","title":{"rendered":"cloture des ATEC solidaires"},"content":{"rendered":"<p>Samedi 6 juillet 2013, apr\u00e8s plusieurs mois d&rsquo;animation locale et de suivi par les deux animateurs des deux structures, les deux projets d&rsquo;enfants se sont conclu par une petite r\u00e9ception amicale \u00e0 G\u00e9nelard.<\/p>\n<p>Dans le cadre du festival de musique, le \u00ab\u00a0G\u00e9nestival\u00a0\u00bb, se d\u00e9roulant sur G\u00e9nelard \u00e0 cette p\u00e9riode, nous avons invit\u00e9 les acteurs locaux, les enfants et les parents \u00e0 venir rencontrer les enfants impliqu\u00e9s dans ces deux projets.<\/p>\n<p>Ces deux projets se sont appuy\u00e9s sur l&rsquo;op\u00e9ration de solidarit\u00e9 internationale propos\u00e9e par l&rsquo;association \u00ab\u00a0Solidarit\u00e9 la\u00efque\u00a0\u00bb et qui invitait des groupes d&rsquo;enfants \u00e0 r\u00e9colter des fournitures scolaires pour les enfants du S\u00e9n\u00e9gal. Et durant cette ann\u00e9e, les enfants ont pu aussi prendre contact avec une association locale, \u00ab\u00a0Kumbaka\u00a0\u00bb, qui oeuvre pour des projets humanitaires au S\u00e9n\u00e9gal, dans un petit village, Malika.<\/p>\n<p>Petit retour en images sur cette manifestation de cl\u00f4ture.<\/p>\n<div><object width=\"480\" height=\"360\"><param name=\"movie\" value=\"http:\/\/pf.kizoa.com\/sflite.swf?did=5150027&#038;k=3658063\"><\/param><param name=\"wmode\" value=\"transparent\"><\/param><param name=\"allowFullScreen\" value=\"true\"><\/param><\/object><br \/><a href=\"http:\/\/www.kizoa.fr\/diaporama\/d5150027k3658063o2\/atec---cloture-6-juillet-2013\" onclick=\"return TrackClick('http%3A%2F%2Fwww.kizoa.fr%2Fdiaporama%2Fd5150027k3658063o2%2Fatec---cloture-6-juillet-2013','ATEC+-+cloture+6+juillet+2013')\"><b>ATEC &#8211; cloture 6 juillet 2013<\/b><\/a> &#8211; <i><a href=\"http:\/\/www.kizoa.fr\" onclick=\"return TrackClick('http%3A%2F%2Fwww.kizoa.fr','diaporamas')\">diaporamas<\/a><\/i><\/div>\n","protected":false},"excerpt":{"rendered":"<p>Samedi 6 juillet 2013, apr\u00e8s plusieurs mois d&rsquo;animation locale et de suivi par les deux animateurs des deux structures, les deux projets d&rsquo;enfants se sont conclu par une petite r\u00e9ception amicale \u00e0 G\u00e9nelard. Dans le cadre du festival de musique, le \u00ab\u00a0G\u00e9nestival\u00a0\u00bb, se d\u00e9roulant sur G\u00e9nelard \u00e0 cette p\u00e9riode, nous avons invit\u00e9 les acteurs locaux, les enfants et les parents \u00e0 venir rencontrer les enfants impliqu\u00e9s dans ces deux projets. Ces deux projets se sont appuy\u00e9s sur l&rsquo;op\u00e9ration de solidarit\u00e9&#8230;<\/p>\n<p class=\"read-more\"><a class=\"btn btn-default\" href=\"http:\/\/projetscitoyens.francas71.org\/?p=725\" onclick=\"return TrackClick('http%3A%2F%2Fprojetscitoyens.francas71.org%2F%3Fp%3D725','Lire+la+suite+Lire+la+suite')\">Lire la suite<span class=\"screen-reader-text\"> Lire la suite<\/span><\/a><\/p>\n","protected":false},"author":1,"featured_media":726,"comment_status":"open","ping_status":"open","sticky":false,"template":"","format":"standard","meta":{"jetpack_post_was_ever_published":false,"_jetpack_newsletter_access":"","_jetpack_dont_email_post_to_subs":false,"_jetpack_newsletter_tier_id":0,"_jetpack_memberships_contains_paywalled_content":false,"_jetpack_memberships_contains_paid_content":false,"footnotes":"","jetpack_publicize_message":"","jetpack_publicize_feature_enabled":true,"jetpack_social_post_already_shared":false,"jetpack_social_options":{"image_generator_settings":{"template":"highway","enabled":false},"version":2}},"categories":[112,116,117],"tags":[148,62,147,125,128],"class_list":["post-725","post","type-post","status-publish","format-standard","has-post-thumbnail","hentry","category-atec","category-atec-ciry-le-noble-commission-jeunesse","category-atec-genelard-cmj","tag-fournitures-scolaires","tag-francas","tag-malika","tag-senegal","tag-solidarite"],"jetpack_publicize_connections":[],"jetpack_featured_media_url":"https:\/\/i0.wp.com\/projetscitoyens.francas71.org\/wp-content\/uploads\/2013\/07\/DSC07018.jpg?fit=480%2C320","jetpack_sharing_enabled":true,"jetpack_shortlink":"https:\/\/wp.me\/p6M0zG-bH","jetpack-related-posts":[],"jetpack_likes_enabled":true,"_links":{"self":[{"href":"http:\/\/projetscitoyens.francas71.org\/index.php?rest_route=\/wp\/v2\/posts\/725"}],"collection":[{"href":"http:\/\/projetscitoyens.francas71.org\/index.php?rest_route=\/wp\/v2\/posts"}],"about":[{"href":"http:\/\/projetscitoyens.francas71.org\/index.php?rest_route=\/wp\/v2\/types\/post"}],"author":[{"embeddable":true,"href":"http:\/\/projetscitoyens.francas71.org\/index.php?rest_route=\/wp\/v2\/users\/1"}],"replies":[{"embeddable":true,"href":"http:\/\/projetscitoyens.francas71.org\/index.php?rest_route=%2Fwp%2Fv2%2Fcomments&post=725"}],"version-history":[{"count":3,"href":"http:\/\/projetscitoyens.francas71.org\/index.php?rest_route=\/wp\/v2\/posts\/725\/revisions"}],"predecessor-version":[{"id":728,"href":"http:\/\/projetscitoyens.francas71.org\/index.php?rest_route=\/wp\/v2\/posts\/725\/revisions\/728"}],"wp:featuredmedia":[{"embeddable":true,"href":"http:\/\/projetscitoyens.francas71.org\/index.php?rest_route=\/wp\/v2\/media\/726"}],"wp:attachment":[{"href":"http:\/\/projetscitoyens.francas71.org\/index.php?rest_route=%2Fwp%2Fv2%2Fmedia&parent=725"}],"wp:term":[{"taxonomy":"category","embeddable":true,"href":"http:\/\/projetscitoyens.francas71.org\/index.php?rest_route=%2Fwp%2Fv2%2Fcategories&post=725"},{"taxonomy":"post_tag","embeddable":true,"href":"http:\/\/projetscitoyens.francas71.org\/index.php?rest_route=%2Fwp%2Fv2%2Ftags&post=725"}],"curies":[{"name":"wp","href":"https:\/\/api.w.org\/{rel}","templated":true}]}}