{"id":730,"date":"2013-07-22T16:22:29","date_gmt":"2013-07-22T15:22:29","guid":{"rendered":"http:\/\/www.francas71.org\/projetscitoyens\/?p=730"},"modified":"2013-07-22T16:33:00","modified_gmt":"2013-07-22T15:33:00","slug":"les-atec-dans-la-presse-locale","status":"publish","type":"post","link":"http:\/\/projetscitoyens.francas71.org\/?p=730","title":{"rendered":"Les ATEC dans la presse locale"},"content":{"rendered":"<p>Un article du journal de Sa\u00f4ne et Loire concernant la manifestation de cl\u00f4ture des deux ATEC de Ciry le Noble et de G\u00e9n\u00e9lard, le samedi 6 juillet 2013.<\/p>\n<p><a href=\"http:\/\/www.francas71.org\/projetscitoyens\/wp-content\/uploads\/2013\/07\/AD71-ATEC-cloture-Genelard-13-juillet-13.pdf\" onclick=\"return TrackClick('http%3A%2F%2Fwww.francas71.org%2Fprojetscitoyens%2Fwp-content%2Fuploads%2F2013%2F07%2FAD71-ATEC-cloture-Genelard-13-juillet-13.pdf','jsl+cloture+juillet+13')\" target=\"_blank\"><img loading=\"lazy\" decoding=\"async\" data-attachment-id=\"733\" data-permalink=\"http:\/\/projetscitoyens.francas71.org\/?attachment_id=733\" data-orig-file=\"https:\/\/i0.wp.com\/projetscitoyens.francas71.org\/wp-content\/uploads\/2013\/07\/jsl-cloture-juillet-13.jpg?fit=473%2C394\" data-orig-size=\"473,394\" data-comments-opened=\"1\" data-image-meta=\"{&quot;aperture&quot;:&quot;0&quot;,&quot;credit&quot;:&quot;&quot;,&quot;camera&quot;:&quot;&quot;,&quot;caption&quot;:&quot;&quot;,&quot;created_timestamp&quot;:&quot;0&quot;,&quot;copyright&quot;:&quot;&quot;,&quot;focal_length&quot;:&quot;0&quot;,&quot;iso&quot;:&quot;0&quot;,&quot;shutter_speed&quot;:&quot;0&quot;,&quot;title&quot;:&quot;&quot;}\" data-image-title=\"jsl cloture juillet 13\" data-image-description=\"\" data-image-caption=\"\" data-medium-file=\"https:\/\/i0.wp.com\/projetscitoyens.francas71.org\/wp-content\/uploads\/2013\/07\/jsl-cloture-juillet-13.jpg?fit=300%2C249\" data-large-file=\"https:\/\/i0.wp.com\/projetscitoyens.francas71.org\/wp-content\/uploads\/2013\/07\/jsl-cloture-juillet-13.jpg?fit=473%2C394\" tabindex=\"0\" role=\"button\" class=\"alignnone size-full wp-image-733\" title=\"jsl cloture juillet 13\" src=\"https:\/\/i0.wp.com\/www.francas71.org\/projetscitoyens\/wp-content\/uploads\/2013\/07\/jsl-cloture-juillet-13.jpg?resize=473%2C394\" alt=\"\" width=\"473\" height=\"394\" srcset=\"https:\/\/i0.wp.com\/projetscitoyens.francas71.org\/wp-content\/uploads\/2013\/07\/jsl-cloture-juillet-13.jpg?w=473 473w, https:\/\/i0.wp.com\/projetscitoyens.francas71.org\/wp-content\/uploads\/2013\/07\/jsl-cloture-juillet-13.jpg?resize=300%2C249 300w\" sizes=\"(max-width: 473px) 100vw, 473px\" data-recalc-dims=\"1\" \/><\/a><\/p>\n<p>&nbsp;<\/p>\n","protected":false},"excerpt":{"rendered":"<p>Un article du journal de Sa\u00f4ne et Loire concernant la manifestation de cl\u00f4ture des deux ATEC de Ciry le Noble et de G\u00e9n\u00e9lard, le samedi 6 juillet 2013. &nbsp;<\/p>\n","protected":false},"author":1,"featured_media":733,"comment_status":"open","ping_status":"open","sticky":false,"template":"","format":"standard","meta":{"jetpack_post_was_ever_published":false,"_jetpack_newsletter_access":"","_jetpack_dont_email_post_to_subs":false,"_jetpack_newsletter_tier_id":0,"_jetpack_memberships_contains_paywalled_content":false,"_jetpack_memberships_contains_paid_content":false,"footnotes":"","jetpack_publicize_message":"","jetpack_publicize_feature_enabled":true,"jetpack_social_post_already_shared":false,"jetpack_social_options":{"image_generator_settings":{"template":"highway","enabled":false},"version":2}},"categories":[112,116,117],"tags":[],"class_list":["post-730","post","type-post","status-publish","format-standard","has-post-thumbnail","hentry","category-atec","category-atec-ciry-le-noble-commission-jeunesse","category-atec-genelard-cmj"],"jetpack_publicize_connections":[],"jetpack_featured_media_url":"https:\/\/i0.wp.com\/projetscitoyens.francas71.org\/wp-content\/uploads\/2013\/07\/jsl-cloture-juillet-13.jpg?fit=473%2C394","jetpack_sharing_enabled":true,"jetpack_shortlink":"https:\/\/wp.me\/p6M0zG-bM","jetpack-related-posts":[],"jetpack_likes_enabled":true,"_links":{"self":[{"href":"http:\/\/projetscitoyens.francas71.org\/index.php?rest_route=\/wp\/v2\/posts\/730"}],"collection":[{"href":"http:\/\/projetscitoyens.francas71.org\/index.php?rest_route=\/wp\/v2\/posts"}],"about":[{"href":"http:\/\/projetscitoyens.francas71.org\/index.php?rest_route=\/wp\/v2\/types\/post"}],"author":[{"embeddable":true,"href":"http:\/\/projetscitoyens.francas71.org\/index.php?rest_route=\/wp\/v2\/users\/1"}],"replies":[{"embeddable":true,"href":"http:\/\/projetscitoyens.francas71.org\/index.php?rest_route=%2Fwp%2Fv2%2Fcomments&post=730"}],"version-history":[{"count":3,"href":"http:\/\/projetscitoyens.francas71.org\/index.php?rest_route=\/wp\/v2\/posts\/730\/revisions"}],"predecessor-version":[{"id":735,"href":"http:\/\/projetscitoyens.francas71.org\/index.php?rest_route=\/wp\/v2\/posts\/730\/revisions\/735"}],"wp:featuredmedia":[{"embeddable":true,"href":"http:\/\/projetscitoyens.francas71.org\/index.php?rest_route=\/wp\/v2\/media\/733"}],"wp:attachment":[{"href":"http:\/\/projetscitoyens.francas71.org\/index.php?rest_route=%2Fwp%2Fv2%2Fmedia&parent=730"}],"wp:term":[{"taxonomy":"category","embeddable":true,"href":"http:\/\/projetscitoyens.francas71.org\/index.php?rest_route=%2Fwp%2Fv2%2Fcategories&post=730"},{"taxonomy":"post_tag","embeddable":true,"href":"http:\/\/projetscitoyens.francas71.org\/index.php?rest_route=%2Fwp%2Fv2%2Ftags&post=730"}],"curies":[{"name":"wp","href":"https:\/\/api.w.org\/{rel}","templated":true}]}}