{"id":740,"date":"2013-07-29T11:35:04","date_gmt":"2013-07-29T10:35:04","guid":{"rendered":"http:\/\/www.francas71.org\/projetscitoyens\/?p=740"},"modified":"2019-12-16T14:35:58","modified_gmt":"2019-12-16T13:35:58","slug":"agis-pour-tes-droits-2013-sinformer","status":"publish","type":"post","link":"http:\/\/projetscitoyens.francas71.org\/?p=740","title":{"rendered":"Agis pour tes droits 2013 &#8211; s&rsquo;informer"},"content":{"rendered":"<p>Le concours d&rsquo;affiches international \u00ab\u00a0Agis pour tes droits\u00a0\u00bb 2013 est lanc\u00e9 sur le d\u00e9partement. Une id\u00e9e simple : permettre \u00e0 des groupes d&rsquo;enfants et d&rsquo;adolescents de d\u00e9couvrir la Convention Internationale des Droits de l&rsquo;Enfant et de se questionner sur son application ici et ailleurs.<\/p>\n<p>Ci dessous plusieurs outils pour se lancer dans l&rsquo;action :<\/p>\n<p>Le livret d&rsquo;information national<br \/>\n<a href=\"http:\/\/www.francas71.org\/projetscitoyens\/wp-content\/uploads\/2013\/07\/livret-national-agis-2013.pdf\" onclick=\"return TrackClick('http%3A%2F%2Fwww.francas71.org%2Fprojetscitoyens%2Fwp-content%2Fuploads%2F2013%2F07%2Flivret-national-agis-2013.pdf','agis+13')\" target=\"_blank\" rel=\"noopener noreferrer\"><img loading=\"lazy\" decoding=\"async\" data-attachment-id=\"739\" data-permalink=\"http:\/\/projetscitoyens.francas71.org\/?attachment_id=739\" data-orig-file=\"https:\/\/i0.wp.com\/projetscitoyens.francas71.org\/wp-content\/uploads\/2013\/07\/agis-13.jpg?fit=300%2C435\" data-orig-size=\"300,435\" data-comments-opened=\"1\" data-image-meta=\"{&quot;aperture&quot;:&quot;0&quot;,&quot;credit&quot;:&quot;&quot;,&quot;camera&quot;:&quot;&quot;,&quot;caption&quot;:&quot;&quot;,&quot;created_timestamp&quot;:&quot;0&quot;,&quot;copyright&quot;:&quot;&quot;,&quot;focal_length&quot;:&quot;0&quot;,&quot;iso&quot;:&quot;0&quot;,&quot;shutter_speed&quot;:&quot;0&quot;,&quot;title&quot;:&quot;&quot;}\" data-image-title=\"agis 13\" data-image-description=\"\" data-image-caption=\"\" data-medium-file=\"https:\/\/i0.wp.com\/projetscitoyens.francas71.org\/wp-content\/uploads\/2013\/07\/agis-13.jpg?fit=206%2C300\" data-large-file=\"https:\/\/i0.wp.com\/projetscitoyens.francas71.org\/wp-content\/uploads\/2013\/07\/agis-13.jpg?fit=300%2C435\" tabindex=\"0\" role=\"button\" class=\"alignnone size-medium wp-image-739\" title=\"agis 13\" src=\"https:\/\/i0.wp.com\/www.francas71.org\/projetscitoyens\/wp-content\/uploads\/2013\/07\/agis-13-206x300.jpg?resize=206%2C300\" alt=\"\" width=\"206\" height=\"300\" srcset=\"https:\/\/i0.wp.com\/projetscitoyens.francas71.org\/wp-content\/uploads\/2013\/07\/agis-13.jpg?resize=206%2C300 206w, https:\/\/i0.wp.com\/projetscitoyens.francas71.org\/wp-content\/uploads\/2013\/07\/agis-13.jpg?w=300 300w\" sizes=\"(max-width: 206px) 100vw, 206px\" data-recalc-dims=\"1\" \/><\/a><\/p>\n<p>Un dossier sp\u00e9cial pour la Sa\u00f4ne et Loire<br \/>\n<a href=\"http:\/\/www.francas71.org\/projetscitoyens\/wp-content\/uploads\/2013\/07\/agis-2013-fiche-resum\u00e9-AD71.pdf\" onclick=\"return TrackClick('http%3A%2F%2Fwww.francas71.org%2Fprojetscitoyens%2Fwp-content%2Fuploads%2F2013%2F07%2Fagis-2013-fiche-resum%C3%A9-AD71.pdf','bandeau+agis+71')\" target=\"_blank\" rel=\"noopener noreferrer\"><img loading=\"lazy\" decoding=\"async\" data-attachment-id=\"738\" data-permalink=\"http:\/\/projetscitoyens.francas71.org\/?attachment_id=738\" data-orig-file=\"https:\/\/i0.wp.com\/projetscitoyens.francas71.org\/wp-content\/uploads\/2013\/07\/bandeau-agis-71.jpg?fit=441%2C304\" data-orig-size=\"441,304\" data-comments-opened=\"1\" data-image-meta=\"{&quot;aperture&quot;:&quot;0&quot;,&quot;credit&quot;:&quot;&quot;,&quot;camera&quot;:&quot;&quot;,&quot;caption&quot;:&quot;&quot;,&quot;created_timestamp&quot;:&quot;0&quot;,&quot;copyright&quot;:&quot;&quot;,&quot;focal_length&quot;:&quot;0&quot;,&quot;iso&quot;:&quot;0&quot;,&quot;shutter_speed&quot;:&quot;0&quot;,&quot;title&quot;:&quot;&quot;}\" data-image-title=\"bandeau agis 71\" data-image-description=\"\" data-image-caption=\"\" data-medium-file=\"https:\/\/i0.wp.com\/projetscitoyens.francas71.org\/wp-content\/uploads\/2013\/07\/bandeau-agis-71.jpg?fit=300%2C206\" data-large-file=\"https:\/\/i0.wp.com\/projetscitoyens.francas71.org\/wp-content\/uploads\/2013\/07\/bandeau-agis-71.jpg?fit=441%2C304\" tabindex=\"0\" role=\"button\" class=\"alignnone size-medium wp-image-738\" title=\"bandeau agis 71\" src=\"https:\/\/i0.wp.com\/www.francas71.org\/projetscitoyens\/wp-content\/uploads\/2013\/07\/bandeau-agis-71-300x206.jpg?resize=300%2C206\" alt=\"\" width=\"300\" height=\"206\" srcset=\"https:\/\/i0.wp.com\/projetscitoyens.francas71.org\/wp-content\/uploads\/2013\/07\/bandeau-agis-71.jpg?resize=300%2C206 300w, https:\/\/i0.wp.com\/projetscitoyens.francas71.org\/wp-content\/uploads\/2013\/07\/bandeau-agis-71.jpg?w=441 441w\" sizes=\"(max-width: 300px) 100vw, 300px\" data-recalc-dims=\"1\" \/><\/a><\/p>\n<p>&nbsp;<\/p>\n","protected":false},"excerpt":{"rendered":"<p>Le concours d&rsquo;affiches international \u00ab\u00a0Agis pour tes droits\u00a0\u00bb 2013 est lanc\u00e9 sur le d\u00e9partement. Une id\u00e9e simple : permettre \u00e0 des groupes d&rsquo;enfants et d&rsquo;adolescents de d\u00e9couvrir la Convention Internationale des Droits de l&rsquo;Enfant et de se questionner sur son application ici et ailleurs. Ci dessous plusieurs outils pour se lancer dans l&rsquo;action : Le livret d&rsquo;information national Un dossier sp\u00e9cial pour la Sa\u00f4ne et Loire &nbsp;<\/p>\n","protected":false},"author":1,"featured_media":743,"comment_status":"open","ping_status":"open","sticky":false,"template":"","format":"standard","meta":{"jetpack_post_was_ever_published":false,"_jetpack_newsletter_access":"","_jetpack_dont_email_post_to_subs":false,"_jetpack_newsletter_tier_id":0,"_jetpack_memberships_contains_paywalled_content":false,"_jetpack_memberships_contains_paid_content":false,"footnotes":"","jetpack_publicize_message":"","jetpack_publicize_feature_enabled":true,"jetpack_social_post_already_shared":false,"jetpack_social_options":{"image_generator_settings":{"template":"highway","enabled":false},"version":2}},"categories":[119,7],"tags":[],"class_list":["post-740","post","type-post","status-publish","format-standard","has-post-thumbnail","hentry","category-agis-pour-tes-droits-2","category-historique-agis-pour-tes-droits"],"jetpack_publicize_connections":[],"jetpack_featured_media_url":"https:\/\/i0.wp.com\/projetscitoyens.francas71.org\/wp-content\/uploads\/2013\/07\/vignette-agis-2013.jpg?fit=1136%2C489","jetpack_sharing_enabled":true,"jetpack_shortlink":"https:\/\/wp.me\/p6M0zG-bW","jetpack-related-posts":[],"jetpack_likes_enabled":true,"_links":{"self":[{"href":"http:\/\/projetscitoyens.francas71.org\/index.php?rest_route=\/wp\/v2\/posts\/740"}],"collection":[{"href":"http:\/\/projetscitoyens.francas71.org\/index.php?rest_route=\/wp\/v2\/posts"}],"about":[{"href":"http:\/\/projetscitoyens.francas71.org\/index.php?rest_route=\/wp\/v2\/types\/post"}],"author":[{"embeddable":true,"href":"http:\/\/projetscitoyens.francas71.org\/index.php?rest_route=\/wp\/v2\/users\/1"}],"replies":[{"embeddable":true,"href":"http:\/\/projetscitoyens.francas71.org\/index.php?rest_route=%2Fwp%2Fv2%2Fcomments&post=740"}],"version-history":[{"count":6,"href":"http:\/\/projetscitoyens.francas71.org\/index.php?rest_route=\/wp\/v2\/posts\/740\/revisions"}],"predecessor-version":[{"id":742,"href":"http:\/\/projetscitoyens.francas71.org\/index.php?rest_route=\/wp\/v2\/posts\/740\/revisions\/742"}],"wp:featuredmedia":[{"embeddable":true,"href":"http:\/\/projetscitoyens.francas71.org\/index.php?rest_route=\/wp\/v2\/media\/743"}],"wp:attachment":[{"href":"http:\/\/projetscitoyens.francas71.org\/index.php?rest_route=%2Fwp%2Fv2%2Fmedia&parent=740"}],"wp:term":[{"taxonomy":"category","embeddable":true,"href":"http:\/\/projetscitoyens.francas71.org\/index.php?rest_route=%2Fwp%2Fv2%2Fcategories&post=740"},{"taxonomy":"post_tag","embeddable":true,"href":"http:\/\/projetscitoyens.francas71.org\/index.php?rest_route=%2Fwp%2Fv2%2Ftags&post=740"}],"curies":[{"name":"wp","href":"https:\/\/api.w.org\/{rel}","templated":true}]}}