{"id":759,"date":"2013-09-18T08:29:00","date_gmt":"2013-09-18T07:29:00","guid":{"rendered":"http:\/\/www.francas71.org\/projetscitoyens\/?p=759"},"modified":"2013-09-18T08:30:25","modified_gmt":"2013-09-18T07:30:25","slug":"observatoire-des-inegalites-espace-jeunes","status":"publish","type":"post","link":"http:\/\/projetscitoyens.francas71.org\/?p=759","title":{"rendered":"Observatoire des in\u00e9galit\u00e9s &#8211; espace jeunes"},"content":{"rendered":"<p><a href=\"https:\/\/i0.wp.com\/www.francas71.org\/projetscitoyens\/wp-content\/uploads\/2013\/09\/observatoire-des-inegalites.png\" onclick=\"return TrackClick('http%3A%2F%2Fwww.francas71.org%2Fprojetscitoyens%2Fwp-content%2Fuploads%2F2013%2F09%2Fobservatoire-des-inegalites.png','observatoire+des+inegalites')\"><img loading=\"lazy\" decoding=\"async\" data-attachment-id=\"761\" data-permalink=\"http:\/\/projetscitoyens.francas71.org\/?attachment_id=761\" data-orig-file=\"https:\/\/i0.wp.com\/projetscitoyens.francas71.org\/wp-content\/uploads\/2013\/09\/observatoire-des-inegalites.png?fit=340%2C99\" data-orig-size=\"340,99\" data-comments-opened=\"1\" data-image-meta=\"{&quot;aperture&quot;:&quot;0&quot;,&quot;credit&quot;:&quot;&quot;,&quot;camera&quot;:&quot;&quot;,&quot;caption&quot;:&quot;&quot;,&quot;created_timestamp&quot;:&quot;0&quot;,&quot;copyright&quot;:&quot;&quot;,&quot;focal_length&quot;:&quot;0&quot;,&quot;iso&quot;:&quot;0&quot;,&quot;shutter_speed&quot;:&quot;0&quot;,&quot;title&quot;:&quot;&quot;}\" data-image-title=\"observatoire des inegalites\" data-image-description=\"\" data-image-caption=\"\" data-medium-file=\"https:\/\/i0.wp.com\/projetscitoyens.francas71.org\/wp-content\/uploads\/2013\/09\/observatoire-des-inegalites.png?fit=300%2C87\" data-large-file=\"https:\/\/i0.wp.com\/projetscitoyens.francas71.org\/wp-content\/uploads\/2013\/09\/observatoire-des-inegalites.png?fit=340%2C99\" tabindex=\"0\" role=\"button\" class=\"alignnone size-medium wp-image-761\" title=\"observatoire des inegalites\" src=\"https:\/\/i0.wp.com\/www.francas71.org\/projetscitoyens\/wp-content\/uploads\/2013\/09\/observatoire-des-inegalites-300x87.png?resize=300%2C87\" alt=\"\" width=\"300\" height=\"87\" srcset=\"https:\/\/i0.wp.com\/projetscitoyens.francas71.org\/wp-content\/uploads\/2013\/09\/observatoire-des-inegalites.png?resize=300%2C87 300w, https:\/\/i0.wp.com\/projetscitoyens.francas71.org\/wp-content\/uploads\/2013\/09\/observatoire-des-inegalites.png?w=340 340w\" sizes=\"(max-width: 300px) 100vw, 300px\" data-recalc-dims=\"1\" \/><\/a><\/p>\n<p>Un site internet de r\u00e9f\u00e9rence se propose de contribuer \u00e0 \u00e9clairer ou \u00e0 critiquer les choix publics. Pour cela, il s\u2019attache \u00e0 dresser un \u00e9tat des lieux qui soit le plus complet possible, tout en demeurant accessible \u00e0 un large public. Un site contenant des informations tr\u00e8s diversifi\u00e9es sur l&rsquo;\u00e9tat de la France et du Monde. Avec un espace jeunes tr\u00e8s riche en informations et en ressources p\u00e9dagogiques sur les in\u00e9galit\u00e9s.<\/p>\n<p><a href=\"http:\/\/www.inegalites.fr\/spip.php?page=espacejeune_sommaire\" onclick=\"return TrackClick('http%3A%2F%2Fwww.inegalites.fr%2Fspip.php%3Fpage%3Despacejeune_sommaire','http%3A%2F%2Fwww.inegalites.fr%2Fspip.php%3Fpage%3Despacejeune_sommaire')\" target=\"_blank\">http:\/\/www.inegalites.fr\/spip.php?page=espacejeune_sommaire<\/a><\/p>\n<p>&nbsp;<\/p>\n","protected":false},"excerpt":{"rendered":"<p>Un site internet de r\u00e9f\u00e9rence se propose de contribuer \u00e0 \u00e9clairer ou \u00e0 critiquer les choix publics. Pour cela, il s\u2019attache \u00e0 dresser un \u00e9tat des lieux qui soit le plus complet possible, tout en demeurant accessible \u00e0 un large public. Un site contenant des informations tr\u00e8s diversifi\u00e9es sur l&rsquo;\u00e9tat de la France et du Monde. Avec un espace jeunes tr\u00e8s riche en informations et en ressources p\u00e9dagogiques sur les in\u00e9galit\u00e9s. http:\/\/www.inegalites.fr\/spip.php?page=espacejeune_sommaire &nbsp;<\/p>\n","protected":false},"author":1,"featured_media":761,"comment_status":"open","ping_status":"open","sticky":false,"template":"","format":"standard","meta":{"jetpack_post_was_ever_published":false,"_jetpack_newsletter_access":"","_jetpack_dont_email_post_to_subs":false,"_jetpack_newsletter_tier_id":0,"_jetpack_memberships_contains_paywalled_content":false,"_jetpack_memberships_contains_paid_content":false,"footnotes":"","jetpack_publicize_message":"","jetpack_publicize_feature_enabled":true,"jetpack_social_post_already_shared":false,"jetpack_social_options":{"image_generator_settings":{"template":"highway","enabled":false},"version":2}},"categories":[4],"tags":[],"class_list":["post-759","post","type-post","status-publish","format-standard","has-post-thumbnail","hentry","category-ressources-pedagogiques"],"jetpack_publicize_connections":[],"jetpack_featured_media_url":"https:\/\/i0.wp.com\/projetscitoyens.francas71.org\/wp-content\/uploads\/2013\/09\/observatoire-des-inegalites.png?fit=340%2C99","jetpack_sharing_enabled":true,"jetpack_shortlink":"https:\/\/wp.me\/p6M0zG-cf","jetpack-related-posts":[],"jetpack_likes_enabled":true,"_links":{"self":[{"href":"http:\/\/projetscitoyens.francas71.org\/index.php?rest_route=\/wp\/v2\/posts\/759"}],"collection":[{"href":"http:\/\/projetscitoyens.francas71.org\/index.php?rest_route=\/wp\/v2\/posts"}],"about":[{"href":"http:\/\/projetscitoyens.francas71.org\/index.php?rest_route=\/wp\/v2\/types\/post"}],"author":[{"embeddable":true,"href":"http:\/\/projetscitoyens.francas71.org\/index.php?rest_route=\/wp\/v2\/users\/1"}],"replies":[{"embeddable":true,"href":"http:\/\/projetscitoyens.francas71.org\/index.php?rest_route=%2Fwp%2Fv2%2Fcomments&post=759"}],"version-history":[{"count":3,"href":"http:\/\/projetscitoyens.francas71.org\/index.php?rest_route=\/wp\/v2\/posts\/759\/revisions"}],"predecessor-version":[{"id":763,"href":"http:\/\/projetscitoyens.francas71.org\/index.php?rest_route=\/wp\/v2\/posts\/759\/revisions\/763"}],"wp:featuredmedia":[{"embeddable":true,"href":"http:\/\/projetscitoyens.francas71.org\/index.php?rest_route=\/wp\/v2\/media\/761"}],"wp:attachment":[{"href":"http:\/\/projetscitoyens.francas71.org\/index.php?rest_route=%2Fwp%2Fv2%2Fmedia&parent=759"}],"wp:term":[{"taxonomy":"category","embeddable":true,"href":"http:\/\/projetscitoyens.francas71.org\/index.php?rest_route=%2Fwp%2Fv2%2Fcategories&post=759"},{"taxonomy":"post_tag","embeddable":true,"href":"http:\/\/projetscitoyens.francas71.org\/index.php?rest_route=%2Fwp%2Fv2%2Ftags&post=759"}],"curies":[{"name":"wp","href":"https:\/\/api.w.org\/{rel}","templated":true}]}}