{"id":764,"date":"2013-09-18T08:37:21","date_gmt":"2013-09-18T07:37:21","guid":{"rendered":"http:\/\/www.francas71.org\/projetscitoyens\/?p=764"},"modified":"2013-09-18T08:37:21","modified_gmt":"2013-09-18T07:37:21","slug":"eduscol-portail-national-des-professionnels-de-leducation","status":"publish","type":"post","link":"http:\/\/projetscitoyens.francas71.org\/?p=764","title":{"rendered":"Eduscol &#8211; portail national des professionnels de l&rsquo;\u00e9ducation"},"content":{"rendered":"<p><a href=\"https:\/\/i0.wp.com\/www.francas71.org\/projetscitoyens\/wp-content\/uploads\/2013\/09\/eduscol.jpg\" onclick=\"return TrackClick('http%3A%2F%2Fwww.francas71.org%2Fprojetscitoyens%2Fwp-content%2Fuploads%2F2013%2F09%2Feduscol.jpg','eduscol')\"><img loading=\"lazy\" decoding=\"async\" title=\"eduscol\" src=\"https:\/\/i0.wp.com\/www.francas71.org\/projetscitoyens\/wp-content\/uploads\/2013\/09\/eduscol-300x89.jpg?resize=300%2C89\" alt=\"\" width=\"300\" height=\"89\" data-recalc-dims=\"1\" \/><\/a><\/p>\n<p>Le site de r\u00e9f\u00e9rence de l&rsquo;Education Nationale et de toutes les ressources p\u00e9dagogiques pour les professionnels de l&rsquo;\u00e9ducation. Avec une page sp\u00e9ciale sur le concours d&rsquo;affiches \u00ab\u00a0Agis pour tes droits\u00a0\u00bb. Une porte d&rsquo;entr\u00e9e importante pour travailler avec les \u00e9tablissements scolaires.<\/p>\n<p><a href=\"http:\/\/eduscol.education.fr\/cid61526\/concours-d-affiches-agis-pour-tes-droits-2013.html\" onclick=\"return TrackClick('http%3A%2F%2Feduscol.education.fr%2Fcid61526%2Fconcours-d-affiches-agis-pour-tes-droits-2013.html','http%3A%2F%2Feduscol.education.fr%2Fcid61526%2Fconcours-d-affiches-agis-pour-tes-droits-2013.html')\" target=\"_blank\">http:\/\/eduscol.education.fr\/cid61526\/concours-d-affiches-agis-pour-tes-droits-2013.html<\/a><\/p>\n<p>&nbsp;<\/p>\n","protected":false},"excerpt":{"rendered":"<p>Le site de r\u00e9f\u00e9rence de l&rsquo;Education Nationale et de toutes les ressources p\u00e9dagogiques pour les professionnels de l&rsquo;\u00e9ducation. Avec une page sp\u00e9ciale sur le concours d&rsquo;affiches \u00ab\u00a0Agis pour tes droits\u00a0\u00bb. Une porte d&rsquo;entr\u00e9e importante pour travailler avec les \u00e9tablissements scolaires. http:\/\/eduscol.education.fr\/cid61526\/concours-d-affiches-agis-pour-tes-droits-2013.html &nbsp;<\/p>\n","protected":false},"author":1,"featured_media":765,"comment_status":"open","ping_status":"open","sticky":false,"template":"","format":"standard","meta":{"jetpack_post_was_ever_published":false,"_jetpack_newsletter_access":"","_jetpack_dont_email_post_to_subs":false,"_jetpack_newsletter_tier_id":0,"_jetpack_memberships_contains_paywalled_content":false,"_jetpack_memberships_contains_paid_content":false,"footnotes":"","jetpack_publicize_message":"","jetpack_publicize_feature_enabled":true,"jetpack_social_post_already_shared":false,"jetpack_social_options":{"image_generator_settings":{"template":"highway","enabled":false},"version":2}},"categories":[4],"tags":[],"class_list":["post-764","post","type-post","status-publish","format-standard","has-post-thumbnail","hentry","category-ressources-pedagogiques"],"jetpack_publicize_connections":[],"jetpack_featured_media_url":"https:\/\/i0.wp.com\/projetscitoyens.francas71.org\/wp-content\/uploads\/2013\/09\/eduscol.jpg?fit=471%2C140","jetpack_sharing_enabled":true,"jetpack_shortlink":"https:\/\/wp.me\/p6M0zG-ck","jetpack-related-posts":[],"jetpack_likes_enabled":true,"_links":{"self":[{"href":"http:\/\/projetscitoyens.francas71.org\/index.php?rest_route=\/wp\/v2\/posts\/764"}],"collection":[{"href":"http:\/\/projetscitoyens.francas71.org\/index.php?rest_route=\/wp\/v2\/posts"}],"about":[{"href":"http:\/\/projetscitoyens.francas71.org\/index.php?rest_route=\/wp\/v2\/types\/post"}],"author":[{"embeddable":true,"href":"http:\/\/projetscitoyens.francas71.org\/index.php?rest_route=\/wp\/v2\/users\/1"}],"replies":[{"embeddable":true,"href":"http:\/\/projetscitoyens.francas71.org\/index.php?rest_route=%2Fwp%2Fv2%2Fcomments&post=764"}],"version-history":[{"count":2,"href":"http:\/\/projetscitoyens.francas71.org\/index.php?rest_route=\/wp\/v2\/posts\/764\/revisions"}],"predecessor-version":[{"id":767,"href":"http:\/\/projetscitoyens.francas71.org\/index.php?rest_route=\/wp\/v2\/posts\/764\/revisions\/767"}],"wp:featuredmedia":[{"embeddable":true,"href":"http:\/\/projetscitoyens.francas71.org\/index.php?rest_route=\/wp\/v2\/media\/765"}],"wp:attachment":[{"href":"http:\/\/projetscitoyens.francas71.org\/index.php?rest_route=%2Fwp%2Fv2%2Fmedia&parent=764"}],"wp:term":[{"taxonomy":"category","embeddable":true,"href":"http:\/\/projetscitoyens.francas71.org\/index.php?rest_route=%2Fwp%2Fv2%2Fcategories&post=764"},{"taxonomy":"post_tag","embeddable":true,"href":"http:\/\/projetscitoyens.francas71.org\/index.php?rest_route=%2Fwp%2Fv2%2Ftags&post=764"}],"curies":[{"name":"wp","href":"https:\/\/api.w.org\/{rel}","templated":true}]}}