{"id":768,"date":"2013-09-18T08:46:27","date_gmt":"2013-09-18T07:46:27","guid":{"rendered":"http:\/\/www.francas71.org\/projetscitoyens\/?p=768"},"modified":"2013-09-18T08:46:27","modified_gmt":"2013-09-18T07:46:27","slug":"le-cofrade-conseil-francais-des-associations-pour-les-droits-de-lenfant","status":"publish","type":"post","link":"http:\/\/projetscitoyens.francas71.org\/?p=768","title":{"rendered":"Le COFRADE &#8211; Conseil Fran\u00e7ais des Associations pour les Droits de l&rsquo;Enfant"},"content":{"rendered":"<p><a href=\"https:\/\/i0.wp.com\/www.francas71.org\/projetscitoyens\/wp-content\/uploads\/2013\/09\/cofrade.jpg\" onclick=\"return TrackClick('http%3A%2F%2Fwww.francas71.org%2Fprojetscitoyens%2Fwp-content%2Fuploads%2F2013%2F09%2Fcofrade.jpg','cofrade')\"><img loading=\"lazy\" decoding=\"async\" data-attachment-id=\"769\" data-permalink=\"http:\/\/projetscitoyens.francas71.org\/?attachment_id=769\" data-orig-file=\"https:\/\/i0.wp.com\/projetscitoyens.francas71.org\/wp-content\/uploads\/2013\/09\/cofrade.jpg?fit=409%2C198\" data-orig-size=\"409,198\" data-comments-opened=\"1\" data-image-meta=\"{&quot;aperture&quot;:&quot;0&quot;,&quot;credit&quot;:&quot;&quot;,&quot;camera&quot;:&quot;&quot;,&quot;caption&quot;:&quot;&quot;,&quot;created_timestamp&quot;:&quot;0&quot;,&quot;copyright&quot;:&quot;&quot;,&quot;focal_length&quot;:&quot;0&quot;,&quot;iso&quot;:&quot;0&quot;,&quot;shutter_speed&quot;:&quot;0&quot;,&quot;title&quot;:&quot;&quot;}\" data-image-title=\"cofrade\" data-image-description=\"\" data-image-caption=\"\" data-medium-file=\"https:\/\/i0.wp.com\/projetscitoyens.francas71.org\/wp-content\/uploads\/2013\/09\/cofrade.jpg?fit=300%2C145\" data-large-file=\"https:\/\/i0.wp.com\/projetscitoyens.francas71.org\/wp-content\/uploads\/2013\/09\/cofrade.jpg?fit=409%2C198\" tabindex=\"0\" role=\"button\" class=\"alignnone size-thumbnail wp-image-769\" title=\"cofrade\" src=\"https:\/\/i0.wp.com\/www.francas71.org\/projetscitoyens\/wp-content\/uploads\/2013\/09\/cofrade-150x150.jpg?resize=150%2C150\" alt=\"\" width=\"150\" height=\"150\" srcset=\"https:\/\/i0.wp.com\/projetscitoyens.francas71.org\/wp-content\/uploads\/2013\/09\/cofrade.jpg?resize=150%2C150 150w, https:\/\/i0.wp.com\/projetscitoyens.francas71.org\/wp-content\/uploads\/2013\/09\/cofrade.jpg?resize=50%2C50 50w, https:\/\/i0.wp.com\/projetscitoyens.francas71.org\/wp-content\/uploads\/2013\/09\/cofrade.jpg?zoom=2&amp;resize=150%2C150 300w\" sizes=\"(max-width: 150px) 100vw, 150px\" data-recalc-dims=\"1\" \/><\/a><\/p>\n<p>Le COFRADE a pour vocation principale de veiller au respect et \u00e0 la diffusion en France de la Convention Internationale des Droits de l\u2019Enfant. Pour cela, il se dote de quatre missions principales :<br \/>\n&#8212; Coordination :\u00a0Le COFRADE travaille en \u00e9troite collaboration avec de nombreuses associations de d\u00e9fense des Droits de l\u2019Enfant investis dans les diff\u00e9rents champs couverts par la Convention.<br \/>\n&#8212; Information : 66% des adultes et 90% des enfants de plus de 15 ans ne connaissent pas la Convention ! Le COFRADE se fait donc un devoir de d\u00e9velopper les outils n\u00e9cessaires pour la faire conna\u00eetre au plus grand nombre.<br \/>\n&#8212; M\u00e9diation : Dans le cadre d\u2019un dialogue permanent, le COFRADE incite les pouvoirs publics \u00e0 mettre en place les adaptations l\u00e9gislatives et institutionnelles n\u00e9cessaires pour mettre le droit fran\u00e7ais en conformit\u00e9 avec ses engagements internationaux.<br \/>\n&#8212; Veille : Vigilant, le COFRADE r\u00e9alise un \u00e9tat des lieux r\u00e9gulier sur l\u2019application des Droits de l\u2019Enfant en France, assorti de recommandations concr\u00e8tes.<br \/>\nAvec des informations g\u00e9n\u00e9rales sur les droits de l&rsquo;enfant &#8230; le texte int\u00e9gral, les rapports de l&rsquo;ONU sur son application en France, etc<\/p>\n<p><a href=\"http:\/\/cofrade.fr\/\" onclick=\"return TrackClick('http%3A%2F%2Fcofrade.fr%2F','http%3A%2F%2Fcofrade.fr%2F')\" target=\"_blank\">http:\/\/cofrade.fr\/<\/a><\/p>\n<p>&nbsp;<\/p>\n","protected":false},"excerpt":{"rendered":"<p>Le COFRADE a pour vocation principale de veiller au respect et \u00e0 la diffusion en France de la Convention Internationale des Droits de l\u2019Enfant. Pour cela, il se dote de quatre missions principales : &#8212; Coordination :\u00a0Le COFRADE travaille en \u00e9troite collaboration avec de nombreuses associations de d\u00e9fense des Droits de l\u2019Enfant investis dans les diff\u00e9rents champs couverts par la Convention. &#8212; Information : 66% des adultes et 90% des enfants de plus de 15 ans ne connaissent pas la&#8230;<\/p>\n<p class=\"read-more\"><a class=\"btn btn-default\" href=\"http:\/\/projetscitoyens.francas71.org\/?p=768\" onclick=\"return TrackClick('http%3A%2F%2Fprojetscitoyens.francas71.org%2F%3Fp%3D768','Lire+la+suite+Lire+la+suite')\">Lire la suite<span class=\"screen-reader-text\"> Lire la suite<\/span><\/a><\/p>\n","protected":false},"author":1,"featured_media":769,"comment_status":"open","ping_status":"open","sticky":false,"template":"","format":"standard","meta":{"jetpack_post_was_ever_published":false,"_jetpack_newsletter_access":"","_jetpack_dont_email_post_to_subs":false,"_jetpack_newsletter_tier_id":0,"_jetpack_memberships_contains_paywalled_content":false,"_jetpack_memberships_contains_paid_content":false,"footnotes":"","jetpack_publicize_message":"","jetpack_publicize_feature_enabled":true,"jetpack_social_post_already_shared":false,"jetpack_social_options":{"image_generator_settings":{"template":"highway","enabled":false},"version":2}},"categories":[4],"tags":[],"class_list":["post-768","post","type-post","status-publish","format-standard","has-post-thumbnail","hentry","category-ressources-pedagogiques"],"jetpack_publicize_connections":[],"jetpack_featured_media_url":"https:\/\/i0.wp.com\/projetscitoyens.francas71.org\/wp-content\/uploads\/2013\/09\/cofrade.jpg?fit=409%2C198","jetpack_sharing_enabled":true,"jetpack_shortlink":"https:\/\/wp.me\/p6M0zG-co","jetpack-related-posts":[],"jetpack_likes_enabled":true,"_links":{"self":[{"href":"http:\/\/projetscitoyens.francas71.org\/index.php?rest_route=\/wp\/v2\/posts\/768"}],"collection":[{"href":"http:\/\/projetscitoyens.francas71.org\/index.php?rest_route=\/wp\/v2\/posts"}],"about":[{"href":"http:\/\/projetscitoyens.francas71.org\/index.php?rest_route=\/wp\/v2\/types\/post"}],"author":[{"embeddable":true,"href":"http:\/\/projetscitoyens.francas71.org\/index.php?rest_route=\/wp\/v2\/users\/1"}],"replies":[{"embeddable":true,"href":"http:\/\/projetscitoyens.francas71.org\/index.php?rest_route=%2Fwp%2Fv2%2Fcomments&post=768"}],"version-history":[{"count":2,"href":"http:\/\/projetscitoyens.francas71.org\/index.php?rest_route=\/wp\/v2\/posts\/768\/revisions"}],"predecessor-version":[{"id":771,"href":"http:\/\/projetscitoyens.francas71.org\/index.php?rest_route=\/wp\/v2\/posts\/768\/revisions\/771"}],"wp:featuredmedia":[{"embeddable":true,"href":"http:\/\/projetscitoyens.francas71.org\/index.php?rest_route=\/wp\/v2\/media\/769"}],"wp:attachment":[{"href":"http:\/\/projetscitoyens.francas71.org\/index.php?rest_route=%2Fwp%2Fv2%2Fmedia&parent=768"}],"wp:term":[{"taxonomy":"category","embeddable":true,"href":"http:\/\/projetscitoyens.francas71.org\/index.php?rest_route=%2Fwp%2Fv2%2Fcategories&post=768"},{"taxonomy":"post_tag","embeddable":true,"href":"http:\/\/projetscitoyens.francas71.org\/index.php?rest_route=%2Fwp%2Fv2%2Ftags&post=768"}],"curies":[{"name":"wp","href":"https:\/\/api.w.org\/{rel}","templated":true}]}}