{"id":775,"date":"2013-09-18T10:08:45","date_gmt":"2013-09-18T09:08:45","guid":{"rendered":"http:\/\/www.francas71.org\/projetscitoyens\/?p=775"},"modified":"2013-09-18T10:08:45","modified_gmt":"2013-09-18T09:08:45","slug":"les-petits-citoyens","status":"publish","type":"post","link":"http:\/\/projetscitoyens.francas71.org\/?p=775","title":{"rendered":"les Petits Citoyens"},"content":{"rendered":"<p><a href=\"https:\/\/i0.wp.com\/www.francas71.org\/projetscitoyens\/wp-content\/uploads\/2013\/09\/petits-citoyens.gif\" onclick=\"return TrackClick('http%3A%2F%2Fwww.francas71.org%2Fprojetscitoyens%2Fwp-content%2Fuploads%2F2013%2F09%2Fpetits-citoyens.gif','petits+citoyens')\"><img loading=\"lazy\" decoding=\"async\" data-attachment-id=\"776\" data-permalink=\"http:\/\/projetscitoyens.francas71.org\/?attachment_id=776\" data-orig-file=\"https:\/\/i0.wp.com\/projetscitoyens.francas71.org\/wp-content\/uploads\/2013\/09\/petits-citoyens.gif?fit=200%2C150\" data-orig-size=\"200,150\" data-comments-opened=\"1\" data-image-meta=\"{&quot;aperture&quot;:&quot;0&quot;,&quot;credit&quot;:&quot;&quot;,&quot;camera&quot;:&quot;&quot;,&quot;caption&quot;:&quot;&quot;,&quot;created_timestamp&quot;:&quot;0&quot;,&quot;copyright&quot;:&quot;&quot;,&quot;focal_length&quot;:&quot;0&quot;,&quot;iso&quot;:&quot;0&quot;,&quot;shutter_speed&quot;:&quot;0&quot;,&quot;title&quot;:&quot;&quot;}\" data-image-title=\"petits citoyens\" data-image-description=\"\" data-image-caption=\"\" data-medium-file=\"https:\/\/i0.wp.com\/projetscitoyens.francas71.org\/wp-content\/uploads\/2013\/09\/petits-citoyens.gif?fit=200%2C150\" data-large-file=\"https:\/\/i0.wp.com\/projetscitoyens.francas71.org\/wp-content\/uploads\/2013\/09\/petits-citoyens.gif?fit=200%2C150\" tabindex=\"0\" role=\"button\" class=\"alignnone size-full wp-image-776\" title=\"petits citoyens\" src=\"https:\/\/i0.wp.com\/www.francas71.org\/projetscitoyens\/wp-content\/uploads\/2013\/09\/petits-citoyens.gif?resize=200%2C150\" onclick=\"return TrackClick('http%3A%2F%2Fwww.francas71.org%2Fprojetscitoyens%2Fwp-content%2Fuploads%2F2013%2F09%2Fpetits-citoyens.gif','petits+citoyens')\" alt=\"\" width=\"200\" height=\"150\" data-recalc-dims=\"1\" \/><\/a><\/p>\n<p>Un site internet sous forme de journal pour les 7\/11 ans. Avec une rubrique sp\u00e9ciale sur les Droits de l&rsquo;Enfant &#8230; notamment des petits clips \u00e0 t\u00e9l\u00e9charger librement.<\/p>\n<p><a href=\"http:\/\/www.lespetitscitoyens.com\/\" onclick=\"return TrackClick('http%3A%2F%2Fwww.lespetitscitoyens.com%2F','http%3A%2F%2Fwww.lespetitscitoyens.com%2F')\" target=\"_blank\">http:\/\/www.lespetitscitoyens.com\/<\/a><\/p>\n<p>&nbsp;<\/p>\n","protected":false},"excerpt":{"rendered":"<p>Un site internet sous forme de journal pour les 7\/11 ans. Avec une rubrique sp\u00e9ciale sur les Droits de l&rsquo;Enfant &#8230; notamment des petits clips \u00e0 t\u00e9l\u00e9charger librement. http:\/\/www.lespetitscitoyens.com\/ &nbsp;<\/p>\n","protected":false},"author":1,"featured_media":776,"comment_status":"open","ping_status":"open","sticky":false,"template":"","format":"standard","meta":{"jetpack_post_was_ever_published":false,"_jetpack_newsletter_access":"","_jetpack_dont_email_post_to_subs":false,"_jetpack_newsletter_tier_id":0,"_jetpack_memberships_contains_paywalled_content":false,"_jetpack_memberships_contains_paid_content":false,"footnotes":"","jetpack_publicize_message":"","jetpack_publicize_feature_enabled":true,"jetpack_social_post_already_shared":false,"jetpack_social_options":{"image_generator_settings":{"template":"highway","enabled":false},"version":2}},"categories":[4],"tags":[],"class_list":["post-775","post","type-post","status-publish","format-standard","has-post-thumbnail","hentry","category-ressources-pedagogiques"],"jetpack_publicize_connections":[],"jetpack_featured_media_url":"https:\/\/i0.wp.com\/projetscitoyens.francas71.org\/wp-content\/uploads\/2013\/09\/petits-citoyens.gif?fit=200%2C150","jetpack_sharing_enabled":true,"jetpack_shortlink":"https:\/\/wp.me\/p6M0zG-cv","jetpack-related-posts":[],"jetpack_likes_enabled":true,"_links":{"self":[{"href":"http:\/\/projetscitoyens.francas71.org\/index.php?rest_route=\/wp\/v2\/posts\/775"}],"collection":[{"href":"http:\/\/projetscitoyens.francas71.org\/index.php?rest_route=\/wp\/v2\/posts"}],"about":[{"href":"http:\/\/projetscitoyens.francas71.org\/index.php?rest_route=\/wp\/v2\/types\/post"}],"author":[{"embeddable":true,"href":"http:\/\/projetscitoyens.francas71.org\/index.php?rest_route=\/wp\/v2\/users\/1"}],"replies":[{"embeddable":true,"href":"http:\/\/projetscitoyens.francas71.org\/index.php?rest_route=%2Fwp%2Fv2%2Fcomments&post=775"}],"version-history":[{"count":2,"href":"http:\/\/projetscitoyens.francas71.org\/index.php?rest_route=\/wp\/v2\/posts\/775\/revisions"}],"predecessor-version":[{"id":778,"href":"http:\/\/projetscitoyens.francas71.org\/index.php?rest_route=\/wp\/v2\/posts\/775\/revisions\/778"}],"wp:featuredmedia":[{"embeddable":true,"href":"http:\/\/projetscitoyens.francas71.org\/index.php?rest_route=\/wp\/v2\/media\/776"}],"wp:attachment":[{"href":"http:\/\/projetscitoyens.francas71.org\/index.php?rest_route=%2Fwp%2Fv2%2Fmedia&parent=775"}],"wp:term":[{"taxonomy":"category","embeddable":true,"href":"http:\/\/projetscitoyens.francas71.org\/index.php?rest_route=%2Fwp%2Fv2%2Fcategories&post=775"},{"taxonomy":"post_tag","embeddable":true,"href":"http:\/\/projetscitoyens.francas71.org\/index.php?rest_route=%2Fwp%2Fv2%2Ftags&post=775"}],"curies":[{"name":"wp","href":"https:\/\/api.w.org\/{rel}","templated":true}]}}