{"id":779,"date":"2013-09-18T10:20:57","date_gmt":"2013-09-18T09:20:57","guid":{"rendered":"http:\/\/www.francas71.org\/projetscitoyens\/?p=779"},"modified":"2013-09-18T10:20:57","modified_gmt":"2013-09-18T09:20:57","slug":"education-21-suisse","status":"publish","type":"post","link":"http:\/\/projetscitoyens.francas71.org\/?p=779","title":{"rendered":"Education 21 Suisse"},"content":{"rendered":"<p><a href=\"https:\/\/i0.wp.com\/www.francas71.org\/projetscitoyens\/wp-content\/uploads\/2013\/09\/education-21-suisse.png\" onclick=\"return TrackClick('http%3A%2F%2Fwww.francas71.org%2Fprojetscitoyens%2Fwp-content%2Fuploads%2F2013%2F09%2Feducation-21-suisse.png','education+21+suisse')\"><img loading=\"lazy\" decoding=\"async\" data-attachment-id=\"780\" data-permalink=\"http:\/\/projetscitoyens.francas71.org\/?attachment_id=780\" data-orig-file=\"https:\/\/i0.wp.com\/projetscitoyens.francas71.org\/wp-content\/uploads\/2013\/09\/education-21-suisse.png?fit=291%2C93\" data-orig-size=\"291,93\" data-comments-opened=\"1\" data-image-meta=\"{&quot;aperture&quot;:&quot;0&quot;,&quot;credit&quot;:&quot;&quot;,&quot;camera&quot;:&quot;&quot;,&quot;caption&quot;:&quot;&quot;,&quot;created_timestamp&quot;:&quot;0&quot;,&quot;copyright&quot;:&quot;&quot;,&quot;focal_length&quot;:&quot;0&quot;,&quot;iso&quot;:&quot;0&quot;,&quot;shutter_speed&quot;:&quot;0&quot;,&quot;title&quot;:&quot;&quot;}\" data-image-title=\"education 21 suisse\" data-image-description=\"\" data-image-caption=\"\" data-medium-file=\"https:\/\/i0.wp.com\/projetscitoyens.francas71.org\/wp-content\/uploads\/2013\/09\/education-21-suisse.png?fit=291%2C93\" data-large-file=\"https:\/\/i0.wp.com\/projetscitoyens.francas71.org\/wp-content\/uploads\/2013\/09\/education-21-suisse.png?fit=291%2C93\" tabindex=\"0\" role=\"button\" class=\"alignnone size-full wp-image-780\" title=\"education 21 suisse\" src=\"https:\/\/i0.wp.com\/www.francas71.org\/projetscitoyens\/wp-content\/uploads\/2013\/09\/education-21-suisse.png?resize=291%2C93\" onclick=\"return TrackClick('http%3A%2F%2Fwww.francas71.org%2Fprojetscitoyens%2Fwp-content%2Fuploads%2F2013%2F09%2Feducation-21-suisse.png','education+21+suisse')\" alt=\"\" width=\"291\" height=\"93\" data-recalc-dims=\"1\" \/><\/a><\/p>\n<p>Un site Suisse sur les droits de l&rsquo;enfant. Avec des dossiers \u00e0 t\u00e9l\u00e9charger pour les \u00e9ducateurs.<\/p>\n<p><a href=\"http:\/\/www.education21.ch\/fr\/droitsenfant\/\" onclick=\"return TrackClick('http%3A%2F%2Fwww.education21.ch%2Ffr%2Fdroitsenfant%2F','http%3A%2F%2Fwww.education21.ch%2Ffr%2Fdroitsenfant%2F')\" target=\"_blank\">http:\/\/www.education21.ch\/fr\/droitsenfant\/<\/a><\/p>\n<p>&nbsp;<\/p>\n","protected":false},"excerpt":{"rendered":"<p>Un site Suisse sur les droits de l&rsquo;enfant. Avec des dossiers \u00e0 t\u00e9l\u00e9charger pour les \u00e9ducateurs. http:\/\/www.education21.ch\/fr\/droitsenfant\/ &nbsp;<\/p>\n","protected":false},"author":1,"featured_media":780,"comment_status":"open","ping_status":"open","sticky":false,"template":"","format":"standard","meta":{"jetpack_post_was_ever_published":false,"_jetpack_newsletter_access":"","_jetpack_dont_email_post_to_subs":false,"_jetpack_newsletter_tier_id":0,"_jetpack_memberships_contains_paywalled_content":false,"_jetpack_memberships_contains_paid_content":false,"footnotes":"","jetpack_publicize_message":"","jetpack_publicize_feature_enabled":true,"jetpack_social_post_already_shared":false,"jetpack_social_options":{"image_generator_settings":{"template":"highway","enabled":false},"version":2}},"categories":[4],"tags":[],"class_list":["post-779","post","type-post","status-publish","format-standard","has-post-thumbnail","hentry","category-ressources-pedagogiques"],"jetpack_publicize_connections":[],"jetpack_featured_media_url":"https:\/\/i0.wp.com\/projetscitoyens.francas71.org\/wp-content\/uploads\/2013\/09\/education-21-suisse.png?fit=291%2C93","jetpack_sharing_enabled":true,"jetpack_shortlink":"https:\/\/wp.me\/p6M0zG-cz","jetpack-related-posts":[],"jetpack_likes_enabled":true,"_links":{"self":[{"href":"http:\/\/projetscitoyens.francas71.org\/index.php?rest_route=\/wp\/v2\/posts\/779"}],"collection":[{"href":"http:\/\/projetscitoyens.francas71.org\/index.php?rest_route=\/wp\/v2\/posts"}],"about":[{"href":"http:\/\/projetscitoyens.francas71.org\/index.php?rest_route=\/wp\/v2\/types\/post"}],"author":[{"embeddable":true,"href":"http:\/\/projetscitoyens.francas71.org\/index.php?rest_route=\/wp\/v2\/users\/1"}],"replies":[{"embeddable":true,"href":"http:\/\/projetscitoyens.francas71.org\/index.php?rest_route=%2Fwp%2Fv2%2Fcomments&post=779"}],"version-history":[{"count":2,"href":"http:\/\/projetscitoyens.francas71.org\/index.php?rest_route=\/wp\/v2\/posts\/779\/revisions"}],"predecessor-version":[{"id":782,"href":"http:\/\/projetscitoyens.francas71.org\/index.php?rest_route=\/wp\/v2\/posts\/779\/revisions\/782"}],"wp:featuredmedia":[{"embeddable":true,"href":"http:\/\/projetscitoyens.francas71.org\/index.php?rest_route=\/wp\/v2\/media\/780"}],"wp:attachment":[{"href":"http:\/\/projetscitoyens.francas71.org\/index.php?rest_route=%2Fwp%2Fv2%2Fmedia&parent=779"}],"wp:term":[{"taxonomy":"category","embeddable":true,"href":"http:\/\/projetscitoyens.francas71.org\/index.php?rest_route=%2Fwp%2Fv2%2Fcategories&post=779"},{"taxonomy":"post_tag","embeddable":true,"href":"http:\/\/projetscitoyens.francas71.org\/index.php?rest_route=%2Fwp%2Fv2%2Ftags&post=779"}],"curies":[{"name":"wp","href":"https:\/\/api.w.org\/{rel}","templated":true}]}}