{"id":788,"date":"2013-11-19T13:02:48","date_gmt":"2013-11-19T12:02:48","guid":{"rendered":"http:\/\/www.francas71.org\/projetscitoyens\/?p=788"},"modified":"2013-11-19T13:09:09","modified_gmt":"2013-11-19T12:09:09","slug":"un-nouveau-projet-denfants-une-nouvelle-atec-blanzy","status":"publish","type":"post","link":"http:\/\/projetscitoyens.francas71.org\/?p=788","title":{"rendered":"Un nouveau projet d&rsquo;enfants = une nouvelle ATEC &#8230; Blanzy"},"content":{"rendered":"<p>Mercredi 20 novembre 2013, \u00e0 l&rsquo;occasion de la journ\u00e9e internationale des Droits de l&rsquo;Enfant, les Francas de Sa\u00f4ne et Loire officialise une nouvelle ATEC (Association Temporaire d&rsquo;Enfants Citoyens), \u00e0 Blanzy.<\/p>\n<p>A l&rsquo;origine, un petit groupe d&rsquo;enfants qui, dans le cadre du centre de loisirs du mercredi, ont \u00e9t\u00e9 interpell\u00e9 par l&rsquo;animatrice, H\u00e9l\u00e8ne, sur l&rsquo;id\u00e9e de s&rsquo;investir sur un projet de solidarit\u00e9. En effet, le centre de loisirs est une des diff\u00e9rentes composantes du centre social municipal et par l\u00e0 m\u00eame est fortement attentif \u00e0 ces questions de solidarit\u00e9.<\/p>\n<p><a href=\"https:\/\/i0.wp.com\/www.francas71.org\/projetscitoyens\/wp-content\/uploads\/2013\/11\/blanzy-02.jpg\" onclick=\"return TrackClick('http%3A%2F%2Fwww.francas71.org%2Fprojetscitoyens%2Fwp-content%2Fuploads%2F2013%2F11%2Fblanzy-02.jpg','blanzy+02')\"><img loading=\"lazy\" decoding=\"async\" data-attachment-id=\"795\" data-permalink=\"http:\/\/projetscitoyens.francas71.org\/?attachment_id=795\" data-orig-file=\"https:\/\/i0.wp.com\/projetscitoyens.francas71.org\/wp-content\/uploads\/2013\/11\/blanzy-02.jpg?fit=1632%2C1224\" data-orig-size=\"1632,1224\" data-comments-opened=\"1\" data-image-meta=\"{&quot;aperture&quot;:&quot;2.6&quot;,&quot;credit&quot;:&quot;&quot;,&quot;camera&quot;:&quot;SK17i&quot;,&quot;caption&quot;:&quot;&quot;,&quot;created_timestamp&quot;:&quot;1383734378&quot;,&quot;copyright&quot;:&quot;&quot;,&quot;focal_length&quot;:&quot;3.5&quot;,&quot;iso&quot;:&quot;640&quot;,&quot;shutter_speed&quot;:&quot;0.03125&quot;,&quot;title&quot;:&quot;&quot;}\" data-image-title=\"blanzy 02\" data-image-description=\"\" data-image-caption=\"\" data-medium-file=\"https:\/\/i0.wp.com\/projetscitoyens.francas71.org\/wp-content\/uploads\/2013\/11\/blanzy-02.jpg?fit=300%2C225\" data-large-file=\"https:\/\/i0.wp.com\/projetscitoyens.francas71.org\/wp-content\/uploads\/2013\/11\/blanzy-02.jpg?fit=640%2C480\" tabindex=\"0\" role=\"button\" class=\"alignnone size-medium wp-image-795\" title=\"blanzy 02\" src=\"https:\/\/i0.wp.com\/www.francas71.org\/projetscitoyens\/wp-content\/uploads\/2013\/11\/blanzy-02-300x225.jpg?resize=300%2C225\" alt=\"\" width=\"300\" height=\"225\" srcset=\"https:\/\/i0.wp.com\/projetscitoyens.francas71.org\/wp-content\/uploads\/2013\/11\/blanzy-02.jpg?resize=300%2C225 300w, https:\/\/i0.wp.com\/projetscitoyens.francas71.org\/wp-content\/uploads\/2013\/11\/blanzy-02.jpg?resize=1024%2C768 1024w, https:\/\/i0.wp.com\/projetscitoyens.francas71.org\/wp-content\/uploads\/2013\/11\/blanzy-02.jpg?w=1632 1632w, https:\/\/i0.wp.com\/projetscitoyens.francas71.org\/wp-content\/uploads\/2013\/11\/blanzy-02.jpg?w=1280 1280w\" sizes=\"(max-width: 300px) 100vw, 300px\" data-recalc-dims=\"1\" \/><\/a><\/p>\n<p>Au printemps 2013, les enfants ont tout d&rsquo;abord \u00e9chang\u00e9 sur la notion de solidarit\u00e9 puis H\u00e9l\u00e8ne leur a pr\u00e9sent\u00e9 diff\u00e9rentes associations travaillant autour de cette question. Apr\u00e8s de vifs \u00e9changes et un vote des enfants, le groupe a choisi de contacter l&rsquo;antenne locale des Restos du coeur.<\/p>\n<p>Puis le groupe a d\u00e9cid\u00e9 de se structurer en se donnant des r\u00f4les : pr\u00e9sident, tr\u00e9sorier, secr\u00e9taire, etc. Des \u00e9lections avec des candidats qui devaient se pr\u00e9senter \u00e0 travers des affiches, puis un vote \u00e0 bulletin secret. Et enfin une liste d&rsquo;enfants qui ont d\u00e9cid\u00e9 de prendre un peu plus de temps que les autres : une pr\u00e9sident, un vice-pr\u00e9sident, un tr\u00e9sorier et un tr\u00e9sorier adjoint, une secr\u00e9taire.<\/p>\n<p>A la suite de cela, le groupe a invent\u00e9 des formes d&rsquo;actions pour r\u00e9colter de l&rsquo;argent et pour parler de leur projet sur la commune. Ils sont partis sur une id\u00e9e simple : fabriquer des petits bijoux fantaisies et les vendre lors de manifestations publiques dans la commune. Dans le m\u00eame temps ils ont propos\u00e9 aux habitants de d\u00e9poser des peluches ou des jouets en bon \u00e9tat pour les enfants.<\/p>\n<p>Une premi\u00e8re vente a eu lieu en juin lors de la f\u00eate de l&rsquo;\u00e9cole.<\/p>\n<p>Une deuxi\u00e8me aura lieu le mercredi 20 novembre lors du temps festif.<\/p>\n<p>&nbsp;<\/p>\n","protected":false},"excerpt":{"rendered":"<p>Mercredi 20 novembre 2013, \u00e0 l&rsquo;occasion de la journ\u00e9e internationale des Droits de l&rsquo;Enfant, les Francas de Sa\u00f4ne et Loire officialise une nouvelle ATEC (Association Temporaire d&rsquo;Enfants Citoyens), \u00e0 Blanzy. A l&rsquo;origine, un petit groupe d&rsquo;enfants qui, dans le cadre du centre de loisirs du mercredi, ont \u00e9t\u00e9 interpell\u00e9 par l&rsquo;animatrice, H\u00e9l\u00e8ne, sur l&rsquo;id\u00e9e de s&rsquo;investir sur un projet de solidarit\u00e9. En effet, le centre de loisirs est une des diff\u00e9rentes composantes du centre social municipal et par l\u00e0 m\u00eame&#8230;<\/p>\n<p class=\"read-more\"><a class=\"btn btn-default\" href=\"http:\/\/projetscitoyens.francas71.org\/?p=788\" onclick=\"return TrackClick('http%3A%2F%2Fprojetscitoyens.francas71.org%2F%3Fp%3D788','Lire+la+suite+Lire+la+suite')\">Lire la suite<span class=\"screen-reader-text\"> Lire la suite<\/span><\/a><\/p>\n","protected":false},"author":1,"featured_media":793,"comment_status":"open","ping_status":"open","sticky":false,"template":"","format":"standard","meta":{"jetpack_post_was_ever_published":false,"_jetpack_newsletter_access":"","_jetpack_dont_email_post_to_subs":false,"_jetpack_newsletter_tier_id":0,"_jetpack_memberships_contains_paywalled_content":false,"_jetpack_memberships_contains_paid_content":false,"footnotes":"","jetpack_publicize_message":"","jetpack_publicize_feature_enabled":true,"jetpack_social_post_already_shared":false,"jetpack_social_options":{"image_generator_settings":{"template":"highway","enabled":false},"version":2}},"categories":[112,149],"tags":[127,150,123,53,62,151,128],"class_list":["post-788","post","type-post","status-publish","format-standard","has-post-thumbnail","hentry","category-atec","category-atec-blanzy","tag-atec-2","tag-citoyennete","tag-education","tag-enfants","tag-francas","tag-projet-denfants","tag-solidarite"],"jetpack_publicize_connections":[],"jetpack_featured_media_url":"https:\/\/i0.wp.com\/projetscitoyens.francas71.org\/wp-content\/uploads\/2013\/11\/blanzy-01.jpg?fit=1632%2C1224","jetpack_sharing_enabled":true,"jetpack_shortlink":"https:\/\/wp.me\/p6M0zG-cI","jetpack-related-posts":[],"jetpack_likes_enabled":true,"_links":{"self":[{"href":"http:\/\/projetscitoyens.francas71.org\/index.php?rest_route=\/wp\/v2\/posts\/788"}],"collection":[{"href":"http:\/\/projetscitoyens.francas71.org\/index.php?rest_route=\/wp\/v2\/posts"}],"about":[{"href":"http:\/\/projetscitoyens.francas71.org\/index.php?rest_route=\/wp\/v2\/types\/post"}],"author":[{"embeddable":true,"href":"http:\/\/projetscitoyens.francas71.org\/index.php?rest_route=\/wp\/v2\/users\/1"}],"replies":[{"embeddable":true,"href":"http:\/\/projetscitoyens.francas71.org\/index.php?rest_route=%2Fwp%2Fv2%2Fcomments&post=788"}],"version-history":[{"count":6,"href":"http:\/\/projetscitoyens.francas71.org\/index.php?rest_route=\/wp\/v2\/posts\/788\/revisions"}],"predecessor-version":[{"id":790,"href":"http:\/\/projetscitoyens.francas71.org\/index.php?rest_route=\/wp\/v2\/posts\/788\/revisions\/790"}],"wp:featuredmedia":[{"embeddable":true,"href":"http:\/\/projetscitoyens.francas71.org\/index.php?rest_route=\/wp\/v2\/media\/793"}],"wp:attachment":[{"href":"http:\/\/projetscitoyens.francas71.org\/index.php?rest_route=%2Fwp%2Fv2%2Fmedia&parent=788"}],"wp:term":[{"taxonomy":"category","embeddable":true,"href":"http:\/\/projetscitoyens.francas71.org\/index.php?rest_route=%2Fwp%2Fv2%2Fcategories&post=788"},{"taxonomy":"post_tag","embeddable":true,"href":"http:\/\/projetscitoyens.francas71.org\/index.php?rest_route=%2Fwp%2Fv2%2Ftags&post=788"}],"curies":[{"name":"wp","href":"https:\/\/api.w.org\/{rel}","templated":true}]}}