{"id":797,"date":"2013-11-19T13:13:57","date_gmt":"2013-11-19T12:13:57","guid":{"rendered":"http:\/\/www.francas71.org\/projetscitoyens\/?p=797"},"modified":"2019-12-16T14:36:36","modified_gmt":"2019-12-16T13:36:36","slug":"exposition-des-droits-de-lenfant","status":"publish","type":"post","link":"http:\/\/projetscitoyens.francas71.org\/?p=797","title":{"rendered":"Exposition des droits de l&rsquo;enfant"},"content":{"rendered":"<p>Dans le cadre de la semaine de la Solidarit\u00e9 internationale et pour valoriser les travaux r\u00e9alis\u00e9s par des groupes d&rsquo;enfants du d\u00e9partement de la Sa\u00f4ne et Loire, les Francas de Sa\u00f4ne et Loire et <a href=\"http:\/\/occe71.fr\/\" onclick=\"return TrackClick('http%3A%2F%2Focce71.fr%2F','l%22OCCE+de+Sa%C3%B4ne+et+Loire')\" target=\"_blank\" rel=\"noopener noreferrer\">l&rsquo;OCCE de Sa\u00f4ne et Loire<\/a>, proposent une exposition sur la question des droits de l&rsquo;enfant.<\/p>\n<p>L&rsquo;exposition se d\u00e9roule du 18 au 22 novembre, \u00e0 Chalon sur Sa\u00f4ne, dans les locaux de l&rsquo;\u00e9cole La\u00ebnnec.<\/p>\n<p>Elle est compos\u00e9e de panneaux pr\u00e9sentant la Convention Internationale des Droits de l&rsquo;Enfant, d&rsquo;affiches r\u00e9alis\u00e9es par des groupes d&rsquo;enfants et d&rsquo;adolescents. Elle accueillera des classes et le mercredi 20 novembre, date de la journ\u00e9e internationale des Droits de l&rsquo;Enfant, des centres de loisirs.<\/p>\n<p><a href=\"https:\/\/i0.wp.com\/www.francas71.org\/projetscitoyens\/wp-content\/uploads\/2013\/11\/logo_sans_fond_aptd_2013_ptt_1.jpg\" onclick=\"return TrackClick('http%3A%2F%2Fwww.francas71.org%2Fprojetscitoyens%2Fwp-content%2Fuploads%2F2013%2F11%2Flogo_sans_fond_aptd_2013_ptt_1.jpg','logo_sans_fond_aptd_2013_ptt_1')\"><img loading=\"lazy\" decoding=\"async\" data-attachment-id=\"803\" data-permalink=\"http:\/\/projetscitoyens.francas71.org\/?attachment_id=803\" data-orig-file=\"https:\/\/i0.wp.com\/projetscitoyens.francas71.org\/wp-content\/uploads\/2013\/11\/logo_sans_fond_aptd_2013_ptt_1.jpg?fit=282%2C167\" data-orig-size=\"282,167\" data-comments-opened=\"1\" data-image-meta=\"{&quot;aperture&quot;:&quot;0&quot;,&quot;credit&quot;:&quot;&quot;,&quot;camera&quot;:&quot;&quot;,&quot;caption&quot;:&quot;&quot;,&quot;created_timestamp&quot;:&quot;0&quot;,&quot;copyright&quot;:&quot;&quot;,&quot;focal_length&quot;:&quot;0&quot;,&quot;iso&quot;:&quot;0&quot;,&quot;shutter_speed&quot;:&quot;0&quot;,&quot;title&quot;:&quot;&quot;}\" data-image-title=\"logo_sans_fond_aptd_2013_ptt_1\" data-image-description=\"\" data-image-caption=\"\" data-medium-file=\"https:\/\/i0.wp.com\/projetscitoyens.francas71.org\/wp-content\/uploads\/2013\/11\/logo_sans_fond_aptd_2013_ptt_1.jpg?fit=282%2C167\" data-large-file=\"https:\/\/i0.wp.com\/projetscitoyens.francas71.org\/wp-content\/uploads\/2013\/11\/logo_sans_fond_aptd_2013_ptt_1.jpg?fit=282%2C167\" tabindex=\"0\" role=\"button\" class=\"alignnone size-full wp-image-803\" title=\"logo_sans_fond_aptd_2013_ptt_1\" src=\"https:\/\/i0.wp.com\/www.francas71.org\/projetscitoyens\/wp-content\/uploads\/2013\/11\/logo_sans_fond_aptd_2013_ptt_1.jpg?resize=282%2C167\" onclick=\"return TrackClick('http%3A%2F%2Fwww.francas71.org%2Fprojetscitoyens%2Fwp-content%2Fuploads%2F2013%2F11%2Flogo_sans_fond_aptd_2013_ptt_1.jpg','logo_sans_fond_aptd_2013_ptt_1')\" alt=\"\" width=\"282\" height=\"167\" data-recalc-dims=\"1\" \/><\/a><\/p>\n<p>&nbsp;<\/p>\n<p>&nbsp;<\/p>\n","protected":false},"excerpt":{"rendered":"<p>Dans le cadre de la semaine de la Solidarit\u00e9 internationale et pour valoriser les travaux r\u00e9alis\u00e9s par des groupes d&rsquo;enfants du d\u00e9partement de la Sa\u00f4ne et Loire, les Francas de Sa\u00f4ne et Loire et l&rsquo;OCCE de Sa\u00f4ne et Loire, proposent une exposition sur la question des droits de l&rsquo;enfant. L&rsquo;exposition se d\u00e9roule du 18 au 22 novembre, \u00e0 Chalon sur Sa\u00f4ne, dans les locaux de l&rsquo;\u00e9cole La\u00ebnnec. Elle est compos\u00e9e de panneaux pr\u00e9sentant la Convention Internationale des Droits de l&rsquo;Enfant,&#8230;<\/p>\n<p class=\"read-more\"><a class=\"btn btn-default\" href=\"http:\/\/projetscitoyens.francas71.org\/?p=797\" onclick=\"return TrackClick('http%3A%2F%2Fprojetscitoyens.francas71.org%2F%3Fp%3D797','Lire+la+suite+Lire+la+suite')\">Lire la suite<span class=\"screen-reader-text\"> Lire la suite<\/span><\/a><\/p>\n","protected":false},"author":1,"featured_media":800,"comment_status":"open","ping_status":"open","sticky":false,"template":"","format":"standard","meta":{"jetpack_post_was_ever_published":false,"_jetpack_newsletter_access":"","_jetpack_dont_email_post_to_subs":false,"_jetpack_newsletter_tier_id":0,"_jetpack_memberships_contains_paywalled_content":false,"_jetpack_memberships_contains_paid_content":false,"footnotes":"","jetpack_publicize_message":"","jetpack_publicize_feature_enabled":true,"jetpack_social_post_already_shared":false,"jetpack_social_options":{"image_generator_settings":{"template":"highway","enabled":false},"version":2}},"categories":[119,7],"tags":[150,136,47,123,53,62,174,128],"class_list":["post-797","post","type-post","status-publish","format-standard","has-post-thumbnail","hentry","category-agis-pour-tes-droits-2","category-historique-agis-pour-tes-droits","tag-citoyennete","tag-droits-de-lenfant","tag-ecole","tag-education","tag-enfants","tag-francas","tag-affiches","tag-solidarite"],"jetpack_publicize_connections":[],"jetpack_featured_media_url":"https:\/\/i0.wp.com\/projetscitoyens.francas71.org\/wp-content\/uploads\/2013\/11\/affiche-expo-jde-AD71.jpg?fit=524%2C744","jetpack_sharing_enabled":true,"jetpack_shortlink":"https:\/\/wp.me\/p6M0zG-cR","jetpack-related-posts":[],"jetpack_likes_enabled":true,"_links":{"self":[{"href":"http:\/\/projetscitoyens.francas71.org\/index.php?rest_route=\/wp\/v2\/posts\/797"}],"collection":[{"href":"http:\/\/projetscitoyens.francas71.org\/index.php?rest_route=\/wp\/v2\/posts"}],"about":[{"href":"http:\/\/projetscitoyens.francas71.org\/index.php?rest_route=\/wp\/v2\/types\/post"}],"author":[{"embeddable":true,"href":"http:\/\/projetscitoyens.francas71.org\/index.php?rest_route=\/wp\/v2\/users\/1"}],"replies":[{"embeddable":true,"href":"http:\/\/projetscitoyens.francas71.org\/index.php?rest_route=%2Fwp%2Fv2%2Fcomments&post=797"}],"version-history":[{"count":6,"href":"http:\/\/projetscitoyens.francas71.org\/index.php?rest_route=\/wp\/v2\/posts\/797\/revisions"}],"predecessor-version":[{"id":2966,"href":"http:\/\/projetscitoyens.francas71.org\/index.php?rest_route=\/wp\/v2\/posts\/797\/revisions\/2966"}],"wp:featuredmedia":[{"embeddable":true,"href":"http:\/\/projetscitoyens.francas71.org\/index.php?rest_route=\/wp\/v2\/media\/800"}],"wp:attachment":[{"href":"http:\/\/projetscitoyens.francas71.org\/index.php?rest_route=%2Fwp%2Fv2%2Fmedia&parent=797"}],"wp:term":[{"taxonomy":"category","embeddable":true,"href":"http:\/\/projetscitoyens.francas71.org\/index.php?rest_route=%2Fwp%2Fv2%2Fcategories&post=797"},{"taxonomy":"post_tag","embeddable":true,"href":"http:\/\/projetscitoyens.francas71.org\/index.php?rest_route=%2Fwp%2Fv2%2Ftags&post=797"}],"curies":[{"name":"wp","href":"https:\/\/api.w.org\/{rel}","templated":true}]}}