{"id":805,"date":"2013-11-19T13:22:04","date_gmt":"2013-11-19T12:22:04","guid":{"rendered":"http:\/\/www.francas71.org\/projetscitoyens\/?p=805"},"modified":"2019-12-16T14:36:53","modified_gmt":"2019-12-16T13:36:53","slug":"agis-pour-tes-droits-les-affiches-realisees","status":"publish","type":"post","link":"http:\/\/projetscitoyens.francas71.org\/?p=805","title":{"rendered":"Agis pour tes droits &#8211; les affiches r\u00e9alis\u00e9es"},"content":{"rendered":"<p>Une ann\u00e9e nettement moins fructueuse en terme de nombre d&rsquo;affiches r\u00e9alis\u00e9es et en terme de groupe d&rsquo;enfants mobilis\u00e9s. 9 groupes impliqu\u00e9s, une centaine d&rsquo;enfants et d&rsquo;adolescents mobilis\u00e9s, et 21 affiches finalis\u00e9es. Ci dessous toutes les affiches<\/p>\n<p><strong>Champforgeuil &#8211; accueil p\u00e9riscolaire<\/strong><br \/>\n<a href=\"https:\/\/i0.wp.com\/www.francas71.org\/projetscitoyens\/wp-content\/uploads\/2013\/11\/Champforgeuil-accueil-p\u00e9risco-01.jpg\" onclick=\"return TrackClick('http%3A%2F%2Fwww.francas71.org%2Fprojetscitoyens%2Fwp-content%2Fuploads%2F2013%2F11%2FChampforgeuil-accueil-p%C3%A9risco-01.jpg','Champforgeuil+-+accueil+p%C3%A9risco+01')\"><img loading=\"lazy\" decoding=\"async\" data-attachment-id=\"812\" data-permalink=\"http:\/\/projetscitoyens.francas71.org\/?attachment_id=812\" data-orig-file=\"https:\/\/i0.wp.com\/projetscitoyens.francas71.org\/wp-content\/uploads\/2013\/11\/Champforgeuil-accueil-p\u00e9risco-01.jpg?fit=1224%2C1632\" data-orig-size=\"1224,1632\" data-comments-opened=\"1\" data-image-meta=\"{&quot;aperture&quot;:&quot;2.6&quot;,&quot;credit&quot;:&quot;&quot;,&quot;camera&quot;:&quot;SK17i&quot;,&quot;caption&quot;:&quot;&quot;,&quot;created_timestamp&quot;:&quot;1384438006&quot;,&quot;copyright&quot;:&quot;&quot;,&quot;focal_length&quot;:&quot;3.5&quot;,&quot;iso&quot;:&quot;320&quot;,&quot;shutter_speed&quot;:&quot;0.025&quot;,&quot;title&quot;:&quot;&quot;}\" data-image-title=\"Champforgeuil &#8211; accueil p\u00e9risco 01\" data-image-description=\"\" data-image-caption=\"\" data-medium-file=\"https:\/\/i0.wp.com\/projetscitoyens.francas71.org\/wp-content\/uploads\/2013\/11\/Champforgeuil-accueil-p\u00e9risco-01.jpg?fit=225%2C300\" data-large-file=\"https:\/\/i0.wp.com\/projetscitoyens.francas71.org\/wp-content\/uploads\/2013\/11\/Champforgeuil-accueil-p\u00e9risco-01.jpg?fit=640%2C853\" tabindex=\"0\" role=\"button\" class=\"alignnone size-medium wp-image-812\" title=\"Champforgeuil - accueil p\u00e9risco 01\" src=\"https:\/\/i0.wp.com\/www.francas71.org\/projetscitoyens\/wp-content\/uploads\/2013\/11\/Champforgeuil-accueil-p\u00e9risco-01-225x300.jpg?resize=225%2C300\" alt=\"\" width=\"225\" height=\"300\" srcset=\"https:\/\/i0.wp.com\/projetscitoyens.francas71.org\/wp-content\/uploads\/2013\/11\/Champforgeuil-accueil-p\u00e9risco-01.jpg?resize=225%2C300 225w, https:\/\/i0.wp.com\/projetscitoyens.francas71.org\/wp-content\/uploads\/2013\/11\/Champforgeuil-accueil-p\u00e9risco-01.jpg?resize=768%2C1024 768w, https:\/\/i0.wp.com\/projetscitoyens.francas71.org\/wp-content\/uploads\/2013\/11\/Champforgeuil-accueil-p\u00e9risco-01.jpg?resize=1024%2C1365 1024w, https:\/\/i0.wp.com\/projetscitoyens.francas71.org\/wp-content\/uploads\/2013\/11\/Champforgeuil-accueil-p\u00e9risco-01.jpg?w=1224 1224w\" sizes=\"(max-width: 225px) 100vw, 225px\" data-recalc-dims=\"1\" \/><\/a>\u00a0\u00a0\u00a0\u00a0\u00a0\u00a0\u00a0 <a href=\"https:\/\/i0.wp.com\/www.francas71.org\/projetscitoyens\/wp-content\/uploads\/2013\/11\/Champforgeuil-accueil-p\u00e9risco-02.jpg\" onclick=\"return TrackClick('http%3A%2F%2Fwww.francas71.org%2Fprojetscitoyens%2Fwp-content%2Fuploads%2F2013%2F11%2FChampforgeuil-accueil-p%C3%A9risco-02.jpg','Champforgeuil+-+accueil+p%C3%A9risco+02')\"><img loading=\"lazy\" decoding=\"async\" data-attachment-id=\"813\" data-permalink=\"http:\/\/projetscitoyens.francas71.org\/?attachment_id=813\" data-orig-file=\"https:\/\/i0.wp.com\/projetscitoyens.francas71.org\/wp-content\/uploads\/2013\/11\/Champforgeuil-accueil-p\u00e9risco-02.jpg?fit=1224%2C1632\" data-orig-size=\"1224,1632\" data-comments-opened=\"1\" data-image-meta=\"{&quot;aperture&quot;:&quot;2.6&quot;,&quot;credit&quot;:&quot;&quot;,&quot;camera&quot;:&quot;SK17i&quot;,&quot;caption&quot;:&quot;&quot;,&quot;created_timestamp&quot;:&quot;1384437922&quot;,&quot;copyright&quot;:&quot;&quot;,&quot;focal_length&quot;:&quot;3.5&quot;,&quot;iso&quot;:&quot;1250&quot;,&quot;shutter_speed&quot;:&quot;0.025&quot;,&quot;title&quot;:&quot;&quot;}\" data-image-title=\"Champforgeuil &#8211; accueil p\u00e9risco 02\" data-image-description=\"\" data-image-caption=\"\" data-medium-file=\"https:\/\/i0.wp.com\/projetscitoyens.francas71.org\/wp-content\/uploads\/2013\/11\/Champforgeuil-accueil-p\u00e9risco-02.jpg?fit=225%2C300\" data-large-file=\"https:\/\/i0.wp.com\/projetscitoyens.francas71.org\/wp-content\/uploads\/2013\/11\/Champforgeuil-accueil-p\u00e9risco-02.jpg?fit=640%2C853\" tabindex=\"0\" role=\"button\" class=\"alignnone size-medium wp-image-813\" title=\"Champforgeuil - accueil p\u00e9risco 02\" src=\"https:\/\/i0.wp.com\/www.francas71.org\/projetscitoyens\/wp-content\/uploads\/2013\/11\/Champforgeuil-accueil-p\u00e9risco-02-225x300.jpg?resize=225%2C300\" alt=\"\" width=\"225\" height=\"300\" srcset=\"https:\/\/i0.wp.com\/projetscitoyens.francas71.org\/wp-content\/uploads\/2013\/11\/Champforgeuil-accueil-p\u00e9risco-02.jpg?resize=225%2C300 225w, https:\/\/i0.wp.com\/projetscitoyens.francas71.org\/wp-content\/uploads\/2013\/11\/Champforgeuil-accueil-p\u00e9risco-02.jpg?resize=768%2C1024 768w, https:\/\/i0.wp.com\/projetscitoyens.francas71.org\/wp-content\/uploads\/2013\/11\/Champforgeuil-accueil-p\u00e9risco-02.jpg?resize=1024%2C1365 1024w, https:\/\/i0.wp.com\/projetscitoyens.francas71.org\/wp-content\/uploads\/2013\/11\/Champforgeuil-accueil-p\u00e9risco-02.jpg?w=1224 1224w\" sizes=\"(max-width: 225px) 100vw, 225px\" data-recalc-dims=\"1\" \/><\/a><\/p>\n<p><a href=\"https:\/\/i0.wp.com\/www.francas71.org\/projetscitoyens\/wp-content\/uploads\/2013\/11\/Champforgeuil-accueil-p\u00e9risco-03.jpg\" onclick=\"return TrackClick('http%3A%2F%2Fwww.francas71.org%2Fprojetscitoyens%2Fwp-content%2Fuploads%2F2013%2F11%2FChampforgeuil-accueil-p%C3%A9risco-03.jpg','Champforgeuil+-+accueil+p%C3%A9risco+03')\"><img loading=\"lazy\" decoding=\"async\" data-attachment-id=\"814\" data-permalink=\"http:\/\/projetscitoyens.francas71.org\/?attachment_id=814\" data-orig-file=\"https:\/\/i0.wp.com\/projetscitoyens.francas71.org\/wp-content\/uploads\/2013\/11\/Champforgeuil-accueil-p\u00e9risco-03.jpg?fit=1224%2C1632\" data-orig-size=\"1224,1632\" data-comments-opened=\"1\" data-image-meta=\"{&quot;aperture&quot;:&quot;2.6&quot;,&quot;credit&quot;:&quot;&quot;,&quot;camera&quot;:&quot;SK17i&quot;,&quot;caption&quot;:&quot;&quot;,&quot;created_timestamp&quot;:&quot;1384438086&quot;,&quot;copyright&quot;:&quot;&quot;,&quot;focal_length&quot;:&quot;3.5&quot;,&quot;iso&quot;:&quot;250&quot;,&quot;shutter_speed&quot;:&quot;0.025&quot;,&quot;title&quot;:&quot;&quot;}\" data-image-title=\"Champforgeuil &#8211; accueil p\u00e9risco 03\" data-image-description=\"\" data-image-caption=\"\" data-medium-file=\"https:\/\/i0.wp.com\/projetscitoyens.francas71.org\/wp-content\/uploads\/2013\/11\/Champforgeuil-accueil-p\u00e9risco-03.jpg?fit=225%2C300\" data-large-file=\"https:\/\/i0.wp.com\/projetscitoyens.francas71.org\/wp-content\/uploads\/2013\/11\/Champforgeuil-accueil-p\u00e9risco-03.jpg?fit=640%2C853\" tabindex=\"0\" role=\"button\" class=\"alignnone size-medium wp-image-814\" title=\"Champforgeuil - accueil p\u00e9risco 03\" src=\"https:\/\/i0.wp.com\/www.francas71.org\/projetscitoyens\/wp-content\/uploads\/2013\/11\/Champforgeuil-accueil-p\u00e9risco-03-225x300.jpg?resize=225%2C300\" alt=\"\" width=\"225\" height=\"300\" srcset=\"https:\/\/i0.wp.com\/projetscitoyens.francas71.org\/wp-content\/uploads\/2013\/11\/Champforgeuil-accueil-p\u00e9risco-03.jpg?resize=225%2C300 225w, https:\/\/i0.wp.com\/projetscitoyens.francas71.org\/wp-content\/uploads\/2013\/11\/Champforgeuil-accueil-p\u00e9risco-03.jpg?resize=768%2C1024 768w, https:\/\/i0.wp.com\/projetscitoyens.francas71.org\/wp-content\/uploads\/2013\/11\/Champforgeuil-accueil-p\u00e9risco-03.jpg?resize=1024%2C1365 1024w, https:\/\/i0.wp.com\/projetscitoyens.francas71.org\/wp-content\/uploads\/2013\/11\/Champforgeuil-accueil-p\u00e9risco-03.jpg?w=1224 1224w\" sizes=\"(max-width: 225px) 100vw, 225px\" data-recalc-dims=\"1\" \/><\/a>\u00a0 \u00a0 \u00a0 \u00a0 <a href=\"https:\/\/i0.wp.com\/www.francas71.org\/projetscitoyens\/wp-content\/uploads\/2013\/11\/Champforgeuil-accueil-p\u00e9risco-04.jpg\" onclick=\"return TrackClick('http%3A%2F%2Fwww.francas71.org%2Fprojetscitoyens%2Fwp-content%2Fuploads%2F2013%2F11%2FChampforgeuil-accueil-p%C3%A9risco-04.jpg','Champforgeuil+-+accueil+p%C3%A9risco+04')\"><img loading=\"lazy\" decoding=\"async\" data-attachment-id=\"811\" data-permalink=\"http:\/\/projetscitoyens.francas71.org\/?attachment_id=811\" data-orig-file=\"https:\/\/i0.wp.com\/projetscitoyens.francas71.org\/wp-content\/uploads\/2013\/11\/Champforgeuil-accueil-p\u00e9risco-04.jpg?fit=1224%2C1632\" data-orig-size=\"1224,1632\" data-comments-opened=\"1\" data-image-meta=\"{&quot;aperture&quot;:&quot;2.6&quot;,&quot;credit&quot;:&quot;&quot;,&quot;camera&quot;:&quot;SK17i&quot;,&quot;caption&quot;:&quot;&quot;,&quot;created_timestamp&quot;:&quot;1384437892&quot;,&quot;copyright&quot;:&quot;&quot;,&quot;focal_length&quot;:&quot;3.5&quot;,&quot;iso&quot;:&quot;500&quot;,&quot;shutter_speed&quot;:&quot;0.025&quot;,&quot;title&quot;:&quot;&quot;}\" data-image-title=\"Champforgeuil &#8211; accueil p\u00e9risco 04\" data-image-description=\"\" data-image-caption=\"\" data-medium-file=\"https:\/\/i0.wp.com\/projetscitoyens.francas71.org\/wp-content\/uploads\/2013\/11\/Champforgeuil-accueil-p\u00e9risco-04.jpg?fit=225%2C300\" data-large-file=\"https:\/\/i0.wp.com\/projetscitoyens.francas71.org\/wp-content\/uploads\/2013\/11\/Champforgeuil-accueil-p\u00e9risco-04.jpg?fit=640%2C853\" tabindex=\"0\" role=\"button\" class=\"alignnone size-medium wp-image-811\" title=\"Champforgeuil - accueil p\u00e9risco 04\" src=\"https:\/\/i0.wp.com\/www.francas71.org\/projetscitoyens\/wp-content\/uploads\/2013\/11\/Champforgeuil-accueil-p\u00e9risco-04-225x300.jpg?resize=225%2C300\" alt=\"\" width=\"225\" height=\"300\" srcset=\"https:\/\/i0.wp.com\/projetscitoyens.francas71.org\/wp-content\/uploads\/2013\/11\/Champforgeuil-accueil-p\u00e9risco-04.jpg?resize=225%2C300 225w, https:\/\/i0.wp.com\/projetscitoyens.francas71.org\/wp-content\/uploads\/2013\/11\/Champforgeuil-accueil-p\u00e9risco-04.jpg?resize=768%2C1024 768w, https:\/\/i0.wp.com\/projetscitoyens.francas71.org\/wp-content\/uploads\/2013\/11\/Champforgeuil-accueil-p\u00e9risco-04.jpg?resize=1024%2C1365 1024w, https:\/\/i0.wp.com\/projetscitoyens.francas71.org\/wp-content\/uploads\/2013\/11\/Champforgeuil-accueil-p\u00e9risco-04.jpg?w=1224 1224w\" sizes=\"(max-width: 225px) 100vw, 225px\" data-recalc-dims=\"1\" \/><\/a><\/p>\n<p><span style=\"color: #800000;\"><strong>Ciry le Noble &#8211; centre de loisirs<\/strong><\/span><br \/>\n<a href=\"https:\/\/i0.wp.com\/www.francas71.org\/projetscitoyens\/wp-content\/uploads\/2013\/11\/Ciry-le-Noble-centre-de-loisirs-01.jpg\" onclick=\"return TrackClick('http%3A%2F%2Fwww.francas71.org%2Fprojetscitoyens%2Fwp-content%2Fuploads%2F2013%2F11%2FCiry-le-Noble-centre-de-loisirs-01.jpg','Ciry+le+Noble+-+centre+de+loisirs+01')\"><img loading=\"lazy\" decoding=\"async\" data-attachment-id=\"818\" data-permalink=\"http:\/\/projetscitoyens.francas71.org\/?attachment_id=818\" data-orig-file=\"https:\/\/i0.wp.com\/projetscitoyens.francas71.org\/wp-content\/uploads\/2013\/11\/Ciry-le-Noble-centre-de-loisirs-01.jpg?fit=1224%2C1632\" data-orig-size=\"1224,1632\" data-comments-opened=\"1\" data-image-meta=\"{&quot;aperture&quot;:&quot;2.6&quot;,&quot;credit&quot;:&quot;&quot;,&quot;camera&quot;:&quot;SK17i&quot;,&quot;caption&quot;:&quot;&quot;,&quot;created_timestamp&quot;:&quot;1384438067&quot;,&quot;copyright&quot;:&quot;&quot;,&quot;focal_length&quot;:&quot;3.5&quot;,&quot;iso&quot;:&quot;250&quot;,&quot;shutter_speed&quot;:&quot;0.025&quot;,&quot;title&quot;:&quot;&quot;}\" data-image-title=\"Ciry le Noble &#8211; centre de loisirs 01\" data-image-description=\"\" data-image-caption=\"\" data-medium-file=\"https:\/\/i0.wp.com\/projetscitoyens.francas71.org\/wp-content\/uploads\/2013\/11\/Ciry-le-Noble-centre-de-loisirs-01.jpg?fit=225%2C300\" data-large-file=\"https:\/\/i0.wp.com\/projetscitoyens.francas71.org\/wp-content\/uploads\/2013\/11\/Ciry-le-Noble-centre-de-loisirs-01.jpg?fit=640%2C853\" tabindex=\"0\" role=\"button\" class=\"alignnone size-medium wp-image-818\" title=\"Ciry le Noble - centre de loisirs 01\" src=\"https:\/\/i0.wp.com\/www.francas71.org\/projetscitoyens\/wp-content\/uploads\/2013\/11\/Ciry-le-Noble-centre-de-loisirs-01-225x300.jpg?resize=225%2C300\" alt=\"\" width=\"225\" height=\"300\" srcset=\"https:\/\/i0.wp.com\/projetscitoyens.francas71.org\/wp-content\/uploads\/2013\/11\/Ciry-le-Noble-centre-de-loisirs-01.jpg?resize=225%2C300 225w, https:\/\/i0.wp.com\/projetscitoyens.francas71.org\/wp-content\/uploads\/2013\/11\/Ciry-le-Noble-centre-de-loisirs-01.jpg?resize=768%2C1024 768w, https:\/\/i0.wp.com\/projetscitoyens.francas71.org\/wp-content\/uploads\/2013\/11\/Ciry-le-Noble-centre-de-loisirs-01.jpg?resize=1024%2C1365 1024w, https:\/\/i0.wp.com\/projetscitoyens.francas71.org\/wp-content\/uploads\/2013\/11\/Ciry-le-Noble-centre-de-loisirs-01.jpg?w=1224 1224w\" sizes=\"(max-width: 225px) 100vw, 225px\" data-recalc-dims=\"1\" \/><\/a>\u00a0\u00a0\u00a0\u00a0\u00a0 <a href=\"https:\/\/i0.wp.com\/www.francas71.org\/projetscitoyens\/wp-content\/uploads\/2013\/11\/Ciry-le-Noble-centre-de-loisirs-02.jpg\" onclick=\"return TrackClick('http%3A%2F%2Fwww.francas71.org%2Fprojetscitoyens%2Fwp-content%2Fuploads%2F2013%2F11%2FCiry-le-Noble-centre-de-loisirs-02.jpg','Ciry+le+Noble+-+centre+de+loisirs+02')\"><img loading=\"lazy\" decoding=\"async\" data-attachment-id=\"819\" data-permalink=\"http:\/\/projetscitoyens.francas71.org\/?attachment_id=819\" data-orig-file=\"https:\/\/i0.wp.com\/projetscitoyens.francas71.org\/wp-content\/uploads\/2013\/11\/Ciry-le-Noble-centre-de-loisirs-02.jpg?fit=1632%2C1224\" data-orig-size=\"1632,1224\" data-comments-opened=\"1\" data-image-meta=\"{&quot;aperture&quot;:&quot;2.6&quot;,&quot;credit&quot;:&quot;&quot;,&quot;camera&quot;:&quot;SK17i&quot;,&quot;caption&quot;:&quot;&quot;,&quot;created_timestamp&quot;:&quot;1384437988&quot;,&quot;copyright&quot;:&quot;&quot;,&quot;focal_length&quot;:&quot;3.5&quot;,&quot;iso&quot;:&quot;250&quot;,&quot;shutter_speed&quot;:&quot;0.015625&quot;,&quot;title&quot;:&quot;&quot;}\" data-image-title=\"Ciry le Noble &#8211; centre de loisirs 02\" data-image-description=\"\" data-image-caption=\"\" data-medium-file=\"https:\/\/i0.wp.com\/projetscitoyens.francas71.org\/wp-content\/uploads\/2013\/11\/Ciry-le-Noble-centre-de-loisirs-02.jpg?fit=300%2C225\" data-large-file=\"https:\/\/i0.wp.com\/projetscitoyens.francas71.org\/wp-content\/uploads\/2013\/11\/Ciry-le-Noble-centre-de-loisirs-02.jpg?fit=640%2C480\" tabindex=\"0\" role=\"button\" class=\"alignnone size-medium wp-image-819\" title=\"Ciry le Noble - centre de loisirs 02\" src=\"https:\/\/i0.wp.com\/www.francas71.org\/projetscitoyens\/wp-content\/uploads\/2013\/11\/Ciry-le-Noble-centre-de-loisirs-02-300x225.jpg?resize=300%2C225\" alt=\"\" width=\"300\" height=\"225\" srcset=\"https:\/\/i0.wp.com\/projetscitoyens.francas71.org\/wp-content\/uploads\/2013\/11\/Ciry-le-Noble-centre-de-loisirs-02.jpg?resize=300%2C225 300w, https:\/\/i0.wp.com\/projetscitoyens.francas71.org\/wp-content\/uploads\/2013\/11\/Ciry-le-Noble-centre-de-loisirs-02.jpg?resize=1024%2C768 1024w, https:\/\/i0.wp.com\/projetscitoyens.francas71.org\/wp-content\/uploads\/2013\/11\/Ciry-le-Noble-centre-de-loisirs-02.jpg?w=1632 1632w, https:\/\/i0.wp.com\/projetscitoyens.francas71.org\/wp-content\/uploads\/2013\/11\/Ciry-le-Noble-centre-de-loisirs-02.jpg?w=1280 1280w\" sizes=\"(max-width: 300px) 100vw, 300px\" data-recalc-dims=\"1\" \/><\/a><\/p>\n<p><a href=\"https:\/\/i0.wp.com\/www.francas71.org\/projetscitoyens\/wp-content\/uploads\/2013\/11\/Ciry-le-Noble-centre-de-loisirs-03.jpg\" onclick=\"return TrackClick('http%3A%2F%2Fwww.francas71.org%2Fprojetscitoyens%2Fwp-content%2Fuploads%2F2013%2F11%2FCiry-le-Noble-centre-de-loisirs-03.jpg','Ciry+le+Noble+-+centre+de+loisirs+03')\"><img loading=\"lazy\" decoding=\"async\" data-attachment-id=\"820\" data-permalink=\"http:\/\/projetscitoyens.francas71.org\/?attachment_id=820\" data-orig-file=\"https:\/\/i0.wp.com\/projetscitoyens.francas71.org\/wp-content\/uploads\/2013\/11\/Ciry-le-Noble-centre-de-loisirs-03.jpg?fit=1632%2C1224\" data-orig-size=\"1632,1224\" data-comments-opened=\"1\" data-image-meta=\"{&quot;aperture&quot;:&quot;2.6&quot;,&quot;credit&quot;:&quot;&quot;,&quot;camera&quot;:&quot;SK17i&quot;,&quot;caption&quot;:&quot;&quot;,&quot;created_timestamp&quot;:&quot;1384437908&quot;,&quot;copyright&quot;:&quot;&quot;,&quot;focal_length&quot;:&quot;3.5&quot;,&quot;iso&quot;:&quot;640&quot;,&quot;shutter_speed&quot;:&quot;0.025&quot;,&quot;title&quot;:&quot;&quot;}\" data-image-title=\"Ciry le Noble &#8211; centre de loisirs 03\" data-image-description=\"\" data-image-caption=\"\" data-medium-file=\"https:\/\/i0.wp.com\/projetscitoyens.francas71.org\/wp-content\/uploads\/2013\/11\/Ciry-le-Noble-centre-de-loisirs-03.jpg?fit=300%2C225\" data-large-file=\"https:\/\/i0.wp.com\/projetscitoyens.francas71.org\/wp-content\/uploads\/2013\/11\/Ciry-le-Noble-centre-de-loisirs-03.jpg?fit=640%2C480\" tabindex=\"0\" role=\"button\" class=\"alignnone size-medium wp-image-820\" title=\"Ciry le Noble - centre de loisirs 03\" src=\"https:\/\/i0.wp.com\/www.francas71.org\/projetscitoyens\/wp-content\/uploads\/2013\/11\/Ciry-le-Noble-centre-de-loisirs-03-300x225.jpg?resize=300%2C225\" alt=\"\" width=\"300\" height=\"225\" srcset=\"https:\/\/i0.wp.com\/projetscitoyens.francas71.org\/wp-content\/uploads\/2013\/11\/Ciry-le-Noble-centre-de-loisirs-03.jpg?resize=300%2C225 300w, https:\/\/i0.wp.com\/projetscitoyens.francas71.org\/wp-content\/uploads\/2013\/11\/Ciry-le-Noble-centre-de-loisirs-03.jpg?resize=1024%2C768 1024w, https:\/\/i0.wp.com\/projetscitoyens.francas71.org\/wp-content\/uploads\/2013\/11\/Ciry-le-Noble-centre-de-loisirs-03.jpg?w=1632 1632w, https:\/\/i0.wp.com\/projetscitoyens.francas71.org\/wp-content\/uploads\/2013\/11\/Ciry-le-Noble-centre-de-loisirs-03.jpg?w=1280 1280w\" sizes=\"(max-width: 300px) 100vw, 300px\" data-recalc-dims=\"1\" \/><\/a>\u00a0\u00a0 <a href=\"https:\/\/i0.wp.com\/www.francas71.org\/projetscitoyens\/wp-content\/uploads\/2013\/11\/Ciry-le-Noble-centre-de-loisirs-04.jpg\" onclick=\"return TrackClick('http%3A%2F%2Fwww.francas71.org%2Fprojetscitoyens%2Fwp-content%2Fuploads%2F2013%2F11%2FCiry-le-Noble-centre-de-loisirs-04.jpg','Ciry+le+Noble+-+centre+de+loisirs+04')\"><img loading=\"lazy\" decoding=\"async\" data-attachment-id=\"817\" data-permalink=\"http:\/\/projetscitoyens.francas71.org\/?attachment_id=817\" data-orig-file=\"https:\/\/i0.wp.com\/projetscitoyens.francas71.org\/wp-content\/uploads\/2013\/11\/Ciry-le-Noble-centre-de-loisirs-04.jpg?fit=1632%2C1224\" data-orig-size=\"1632,1224\" data-comments-opened=\"1\" data-image-meta=\"{&quot;aperture&quot;:&quot;2.6&quot;,&quot;credit&quot;:&quot;&quot;,&quot;camera&quot;:&quot;SK17i&quot;,&quot;caption&quot;:&quot;&quot;,&quot;created_timestamp&quot;:&quot;1384438115&quot;,&quot;copyright&quot;:&quot;&quot;,&quot;focal_length&quot;:&quot;3.5&quot;,&quot;iso&quot;:&quot;320&quot;,&quot;shutter_speed&quot;:&quot;0.025&quot;,&quot;title&quot;:&quot;&quot;}\" data-image-title=\"Ciry le Noble &#8211; centre de loisirs 04\" data-image-description=\"\" data-image-caption=\"\" data-medium-file=\"https:\/\/i0.wp.com\/projetscitoyens.francas71.org\/wp-content\/uploads\/2013\/11\/Ciry-le-Noble-centre-de-loisirs-04.jpg?fit=300%2C225\" data-large-file=\"https:\/\/i0.wp.com\/projetscitoyens.francas71.org\/wp-content\/uploads\/2013\/11\/Ciry-le-Noble-centre-de-loisirs-04.jpg?fit=640%2C480\" tabindex=\"0\" role=\"button\" class=\"alignnone size-medium wp-image-817\" title=\"Ciry le Noble - centre de loisirs 04\" src=\"https:\/\/i0.wp.com\/www.francas71.org\/projetscitoyens\/wp-content\/uploads\/2013\/11\/Ciry-le-Noble-centre-de-loisirs-04-300x225.jpg?resize=300%2C225\" alt=\"\" width=\"300\" height=\"225\" srcset=\"https:\/\/i0.wp.com\/projetscitoyens.francas71.org\/wp-content\/uploads\/2013\/11\/Ciry-le-Noble-centre-de-loisirs-04.jpg?resize=300%2C225 300w, https:\/\/i0.wp.com\/projetscitoyens.francas71.org\/wp-content\/uploads\/2013\/11\/Ciry-le-Noble-centre-de-loisirs-04.jpg?resize=1024%2C768 1024w, https:\/\/i0.wp.com\/projetscitoyens.francas71.org\/wp-content\/uploads\/2013\/11\/Ciry-le-Noble-centre-de-loisirs-04.jpg?w=1632 1632w, https:\/\/i0.wp.com\/projetscitoyens.francas71.org\/wp-content\/uploads\/2013\/11\/Ciry-le-Noble-centre-de-loisirs-04.jpg?w=1280 1280w\" sizes=\"(max-width: 300px) 100vw, 300px\" data-recalc-dims=\"1\" \/><\/a><\/p>\n<p><span style=\"color: #800000;\"><strong>Etang sur Arroux &#8211; centre de loisirs D\u00e9clic BVA<\/strong><\/span><br \/>\n<a href=\"https:\/\/i0.wp.com\/www.francas71.org\/projetscitoyens\/wp-content\/uploads\/2013\/11\/Etang-sur-arroux-declic-01.jpg\" onclick=\"return TrackClick('http%3A%2F%2Fwww.francas71.org%2Fprojetscitoyens%2Fwp-content%2Fuploads%2F2013%2F11%2FEtang-sur-arroux-declic-01.jpg','Etang+sur+arroux+-+declic+01')\"><img loading=\"lazy\" decoding=\"async\" data-attachment-id=\"823\" data-permalink=\"http:\/\/projetscitoyens.francas71.org\/?attachment_id=823\" data-orig-file=\"https:\/\/i0.wp.com\/projetscitoyens.francas71.org\/wp-content\/uploads\/2013\/11\/Etang-sur-arroux-declic-01.jpg?fit=1224%2C1632\" data-orig-size=\"1224,1632\" data-comments-opened=\"1\" data-image-meta=\"{&quot;aperture&quot;:&quot;2.6&quot;,&quot;credit&quot;:&quot;&quot;,&quot;camera&quot;:&quot;SK17i&quot;,&quot;caption&quot;:&quot;&quot;,&quot;created_timestamp&quot;:&quot;1384438019&quot;,&quot;copyright&quot;:&quot;&quot;,&quot;focal_length&quot;:&quot;3.5&quot;,&quot;iso&quot;:&quot;500&quot;,&quot;shutter_speed&quot;:&quot;0.008&quot;,&quot;title&quot;:&quot;&quot;}\" data-image-title=\"Etang sur arroux &#8211; declic 01\" data-image-description=\"\" data-image-caption=\"\" data-medium-file=\"https:\/\/i0.wp.com\/projetscitoyens.francas71.org\/wp-content\/uploads\/2013\/11\/Etang-sur-arroux-declic-01.jpg?fit=225%2C300\" data-large-file=\"https:\/\/i0.wp.com\/projetscitoyens.francas71.org\/wp-content\/uploads\/2013\/11\/Etang-sur-arroux-declic-01.jpg?fit=640%2C853\" tabindex=\"0\" role=\"button\" class=\"alignnone size-medium wp-image-823\" title=\"Etang sur arroux - declic 01\" src=\"https:\/\/i0.wp.com\/www.francas71.org\/projetscitoyens\/wp-content\/uploads\/2013\/11\/Etang-sur-arroux-declic-01-225x300.jpg?resize=225%2C300\" alt=\"\" width=\"225\" height=\"300\" srcset=\"https:\/\/i0.wp.com\/projetscitoyens.francas71.org\/wp-content\/uploads\/2013\/11\/Etang-sur-arroux-declic-01.jpg?resize=225%2C300 225w, https:\/\/i0.wp.com\/projetscitoyens.francas71.org\/wp-content\/uploads\/2013\/11\/Etang-sur-arroux-declic-01.jpg?resize=768%2C1024 768w, https:\/\/i0.wp.com\/projetscitoyens.francas71.org\/wp-content\/uploads\/2013\/11\/Etang-sur-arroux-declic-01.jpg?resize=1024%2C1365 1024w, https:\/\/i0.wp.com\/projetscitoyens.francas71.org\/wp-content\/uploads\/2013\/11\/Etang-sur-arroux-declic-01.jpg?w=1224 1224w\" sizes=\"(max-width: 225px) 100vw, 225px\" data-recalc-dims=\"1\" \/><\/a>\u00a0\u00a0\u00a0 <a href=\"https:\/\/i0.wp.com\/www.francas71.org\/projetscitoyens\/wp-content\/uploads\/2013\/11\/Etang-sur-arroux-declic-02.jpg\" onclick=\"return TrackClick('http%3A%2F%2Fwww.francas71.org%2Fprojetscitoyens%2Fwp-content%2Fuploads%2F2013%2F11%2FEtang-sur-arroux-declic-02.jpg','Etang+sur+arroux+-+declic+02')\"><img loading=\"lazy\" decoding=\"async\" data-attachment-id=\"822\" data-permalink=\"http:\/\/projetscitoyens.francas71.org\/?attachment_id=822\" data-orig-file=\"https:\/\/i0.wp.com\/projetscitoyens.francas71.org\/wp-content\/uploads\/2013\/11\/Etang-sur-arroux-declic-02.jpg?fit=1224%2C1632\" data-orig-size=\"1224,1632\" data-comments-opened=\"1\" data-image-meta=\"{&quot;aperture&quot;:&quot;2.6&quot;,&quot;credit&quot;:&quot;&quot;,&quot;camera&quot;:&quot;SK17i&quot;,&quot;caption&quot;:&quot;&quot;,&quot;created_timestamp&quot;:&quot;1384437881&quot;,&quot;copyright&quot;:&quot;&quot;,&quot;focal_length&quot;:&quot;3.5&quot;,&quot;iso&quot;:&quot;320&quot;,&quot;shutter_speed&quot;:&quot;0.025&quot;,&quot;title&quot;:&quot;&quot;}\" data-image-title=\"Etang sur arroux &#8211; declic 02\" data-image-description=\"\" data-image-caption=\"\" data-medium-file=\"https:\/\/i0.wp.com\/projetscitoyens.francas71.org\/wp-content\/uploads\/2013\/11\/Etang-sur-arroux-declic-02.jpg?fit=225%2C300\" data-large-file=\"https:\/\/i0.wp.com\/projetscitoyens.francas71.org\/wp-content\/uploads\/2013\/11\/Etang-sur-arroux-declic-02.jpg?fit=640%2C853\" tabindex=\"0\" role=\"button\" class=\"alignnone size-medium wp-image-822\" title=\"Etang sur arroux - declic 02\" src=\"https:\/\/i0.wp.com\/www.francas71.org\/projetscitoyens\/wp-content\/uploads\/2013\/11\/Etang-sur-arroux-declic-02-225x300.jpg?resize=225%2C300\" alt=\"\" width=\"225\" height=\"300\" srcset=\"https:\/\/i0.wp.com\/projetscitoyens.francas71.org\/wp-content\/uploads\/2013\/11\/Etang-sur-arroux-declic-02.jpg?resize=225%2C300 225w, https:\/\/i0.wp.com\/projetscitoyens.francas71.org\/wp-content\/uploads\/2013\/11\/Etang-sur-arroux-declic-02.jpg?resize=768%2C1024 768w, https:\/\/i0.wp.com\/projetscitoyens.francas71.org\/wp-content\/uploads\/2013\/11\/Etang-sur-arroux-declic-02.jpg?resize=1024%2C1365 1024w, https:\/\/i0.wp.com\/projetscitoyens.francas71.org\/wp-content\/uploads\/2013\/11\/Etang-sur-arroux-declic-02.jpg?w=1224 1224w\" sizes=\"(max-width: 225px) 100vw, 225px\" data-recalc-dims=\"1\" \/><\/a><\/p>\n<p><span style=\"color: #800000;\"><strong>Marcigny &#8211; coll\u00e8ge Jean Moulin &#8211; Club UNESCO<\/strong><\/span><br \/>\n<a href=\"https:\/\/i0.wp.com\/www.francas71.org\/projetscitoyens\/wp-content\/uploads\/2013\/11\/Marcigny-coll\u00e8ge-Jean-Moulin-01.jpg\" onclick=\"return TrackClick('http%3A%2F%2Fwww.francas71.org%2Fprojetscitoyens%2Fwp-content%2Fuploads%2F2013%2F11%2FMarcigny-coll%C3%A8ge-Jean-Moulin-01.jpg','Marcigny+-+coll%C3%A8ge+Jean+Moulin+-+01')\"><img loading=\"lazy\" decoding=\"async\" data-attachment-id=\"826\" data-permalink=\"http:\/\/projetscitoyens.francas71.org\/?attachment_id=826\" data-orig-file=\"https:\/\/i0.wp.com\/projetscitoyens.francas71.org\/wp-content\/uploads\/2013\/11\/Marcigny-coll\u00e8ge-Jean-Moulin-01.jpg?fit=1224%2C1632\" data-orig-size=\"1224,1632\" data-comments-opened=\"1\" data-image-meta=\"{&quot;aperture&quot;:&quot;2.6&quot;,&quot;credit&quot;:&quot;&quot;,&quot;camera&quot;:&quot;SK17i&quot;,&quot;caption&quot;:&quot;&quot;,&quot;created_timestamp&quot;:&quot;1384437947&quot;,&quot;copyright&quot;:&quot;&quot;,&quot;focal_length&quot;:&quot;3.5&quot;,&quot;iso&quot;:&quot;1600&quot;,&quot;shutter_speed&quot;:&quot;0.025&quot;,&quot;title&quot;:&quot;&quot;}\" data-image-title=\"Marcigny &#8211; coll\u00e8ge Jean Moulin &#8211; 01\" data-image-description=\"\" data-image-caption=\"\" data-medium-file=\"https:\/\/i0.wp.com\/projetscitoyens.francas71.org\/wp-content\/uploads\/2013\/11\/Marcigny-coll\u00e8ge-Jean-Moulin-01.jpg?fit=225%2C300\" data-large-file=\"https:\/\/i0.wp.com\/projetscitoyens.francas71.org\/wp-content\/uploads\/2013\/11\/Marcigny-coll\u00e8ge-Jean-Moulin-01.jpg?fit=640%2C853\" tabindex=\"0\" role=\"button\" class=\"alignnone size-medium wp-image-826\" title=\"Marcigny - coll\u00e8ge Jean Moulin - 01\" src=\"https:\/\/i0.wp.com\/www.francas71.org\/projetscitoyens\/wp-content\/uploads\/2013\/11\/Marcigny-coll\u00e8ge-Jean-Moulin-01-225x300.jpg?resize=225%2C300\" alt=\"\" width=\"225\" height=\"300\" srcset=\"https:\/\/i0.wp.com\/projetscitoyens.francas71.org\/wp-content\/uploads\/2013\/11\/Marcigny-coll\u00e8ge-Jean-Moulin-01.jpg?resize=225%2C300 225w, https:\/\/i0.wp.com\/projetscitoyens.francas71.org\/wp-content\/uploads\/2013\/11\/Marcigny-coll\u00e8ge-Jean-Moulin-01.jpg?resize=768%2C1024 768w, https:\/\/i0.wp.com\/projetscitoyens.francas71.org\/wp-content\/uploads\/2013\/11\/Marcigny-coll\u00e8ge-Jean-Moulin-01.jpg?resize=1024%2C1365 1024w, https:\/\/i0.wp.com\/projetscitoyens.francas71.org\/wp-content\/uploads\/2013\/11\/Marcigny-coll\u00e8ge-Jean-Moulin-01.jpg?w=1224 1224w\" sizes=\"(max-width: 225px) 100vw, 225px\" data-recalc-dims=\"1\" \/><\/a>\u00a0\u00a0\u00a0 <a href=\"https:\/\/i0.wp.com\/www.francas71.org\/projetscitoyens\/wp-content\/uploads\/2013\/11\/Marcigny-coll\u00e8ge-Jean-Moulin-02.jpg\" onclick=\"return TrackClick('http%3A%2F%2Fwww.francas71.org%2Fprojetscitoyens%2Fwp-content%2Fuploads%2F2013%2F11%2FMarcigny-coll%C3%A8ge-Jean-Moulin-02.jpg','Marcigny+-+coll%C3%A8ge+Jean+Moulin+-+02')\"><img loading=\"lazy\" decoding=\"async\" data-attachment-id=\"827\" data-permalink=\"http:\/\/projetscitoyens.francas71.org\/?attachment_id=827\" data-orig-file=\"https:\/\/i0.wp.com\/projetscitoyens.francas71.org\/wp-content\/uploads\/2013\/11\/Marcigny-coll\u00e8ge-Jean-Moulin-02.jpg?fit=1632%2C1224\" data-orig-size=\"1632,1224\" data-comments-opened=\"1\" data-image-meta=\"{&quot;aperture&quot;:&quot;2.6&quot;,&quot;credit&quot;:&quot;&quot;,&quot;camera&quot;:&quot;SK17i&quot;,&quot;caption&quot;:&quot;&quot;,&quot;created_timestamp&quot;:&quot;1384437959&quot;,&quot;copyright&quot;:&quot;&quot;,&quot;focal_length&quot;:&quot;3.5&quot;,&quot;iso&quot;:&quot;1600&quot;,&quot;shutter_speed&quot;:&quot;0.025&quot;,&quot;title&quot;:&quot;&quot;}\" data-image-title=\"Marcigny &#8211; coll\u00e8ge Jean Moulin &#8211; 02\" data-image-description=\"\" data-image-caption=\"\" data-medium-file=\"https:\/\/i0.wp.com\/projetscitoyens.francas71.org\/wp-content\/uploads\/2013\/11\/Marcigny-coll\u00e8ge-Jean-Moulin-02.jpg?fit=300%2C225\" data-large-file=\"https:\/\/i0.wp.com\/projetscitoyens.francas71.org\/wp-content\/uploads\/2013\/11\/Marcigny-coll\u00e8ge-Jean-Moulin-02.jpg?fit=640%2C480\" tabindex=\"0\" role=\"button\" class=\"alignnone size-medium wp-image-827\" title=\"Marcigny - coll\u00e8ge Jean Moulin - 02\" src=\"https:\/\/i0.wp.com\/www.francas71.org\/projetscitoyens\/wp-content\/uploads\/2013\/11\/Marcigny-coll\u00e8ge-Jean-Moulin-02-300x225.jpg?resize=300%2C225\" alt=\"\" width=\"300\" height=\"225\" srcset=\"https:\/\/i0.wp.com\/projetscitoyens.francas71.org\/wp-content\/uploads\/2013\/11\/Marcigny-coll\u00e8ge-Jean-Moulin-02.jpg?resize=300%2C225 300w, https:\/\/i0.wp.com\/projetscitoyens.francas71.org\/wp-content\/uploads\/2013\/11\/Marcigny-coll\u00e8ge-Jean-Moulin-02.jpg?resize=1024%2C768 1024w, https:\/\/i0.wp.com\/projetscitoyens.francas71.org\/wp-content\/uploads\/2013\/11\/Marcigny-coll\u00e8ge-Jean-Moulin-02.jpg?w=1632 1632w, https:\/\/i0.wp.com\/projetscitoyens.francas71.org\/wp-content\/uploads\/2013\/11\/Marcigny-coll\u00e8ge-Jean-Moulin-02.jpg?w=1280 1280w\" sizes=\"(max-width: 300px) 100vw, 300px\" data-recalc-dims=\"1\" \/><\/a><\/p>\n<p><a href=\"https:\/\/i0.wp.com\/www.francas71.org\/projetscitoyens\/wp-content\/uploads\/2013\/11\/Marcigny-coll\u00e8ge-Jean-Moulin-03.jpg\" onclick=\"return TrackClick('http%3A%2F%2Fwww.francas71.org%2Fprojetscitoyens%2Fwp-content%2Fuploads%2F2013%2F11%2FMarcigny-coll%C3%A8ge-Jean-Moulin-03.jpg','Marcigny+-+coll%C3%A8ge+Jean+Moulin+-+03')\"><img loading=\"lazy\" decoding=\"async\" data-attachment-id=\"825\" data-permalink=\"http:\/\/projetscitoyens.francas71.org\/?attachment_id=825\" data-orig-file=\"https:\/\/i0.wp.com\/projetscitoyens.francas71.org\/wp-content\/uploads\/2013\/11\/Marcigny-coll\u00e8ge-Jean-Moulin-03.jpg?fit=1632%2C1224\" data-orig-size=\"1632,1224\" data-comments-opened=\"1\" data-image-meta=\"{&quot;aperture&quot;:&quot;2.6&quot;,&quot;credit&quot;:&quot;&quot;,&quot;camera&quot;:&quot;SK17i&quot;,&quot;caption&quot;:&quot;&quot;,&quot;created_timestamp&quot;:&quot;1384437971&quot;,&quot;copyright&quot;:&quot;&quot;,&quot;focal_length&quot;:&quot;3.5&quot;,&quot;iso&quot;:&quot;1600&quot;,&quot;shutter_speed&quot;:&quot;0.025&quot;,&quot;title&quot;:&quot;&quot;}\" data-image-title=\"Marcigny &#8211; coll\u00e8ge Jean Moulin &#8211; 03\" data-image-description=\"\" data-image-caption=\"\" data-medium-file=\"https:\/\/i0.wp.com\/projetscitoyens.francas71.org\/wp-content\/uploads\/2013\/11\/Marcigny-coll\u00e8ge-Jean-Moulin-03.jpg?fit=300%2C225\" data-large-file=\"https:\/\/i0.wp.com\/projetscitoyens.francas71.org\/wp-content\/uploads\/2013\/11\/Marcigny-coll\u00e8ge-Jean-Moulin-03.jpg?fit=640%2C480\" tabindex=\"0\" role=\"button\" class=\"alignnone size-medium wp-image-825\" title=\"Marcigny - coll\u00e8ge Jean Moulin - 03\" src=\"https:\/\/i0.wp.com\/www.francas71.org\/projetscitoyens\/wp-content\/uploads\/2013\/11\/Marcigny-coll\u00e8ge-Jean-Moulin-03-300x225.jpg?resize=300%2C225\" alt=\"\" width=\"300\" height=\"225\" srcset=\"https:\/\/i0.wp.com\/projetscitoyens.francas71.org\/wp-content\/uploads\/2013\/11\/Marcigny-coll\u00e8ge-Jean-Moulin-03.jpg?resize=300%2C225 300w, https:\/\/i0.wp.com\/projetscitoyens.francas71.org\/wp-content\/uploads\/2013\/11\/Marcigny-coll\u00e8ge-Jean-Moulin-03.jpg?resize=1024%2C768 1024w, https:\/\/i0.wp.com\/projetscitoyens.francas71.org\/wp-content\/uploads\/2013\/11\/Marcigny-coll\u00e8ge-Jean-Moulin-03.jpg?w=1632 1632w, https:\/\/i0.wp.com\/projetscitoyens.francas71.org\/wp-content\/uploads\/2013\/11\/Marcigny-coll\u00e8ge-Jean-Moulin-03.jpg?w=1280 1280w\" sizes=\"(max-width: 300px) 100vw, 300px\" data-recalc-dims=\"1\" \/><\/a><\/p>\n<p>&nbsp;<\/p>\n<p><span style=\"color: #800000;\"><strong>Tournus &#8211; centre de loisirs<\/strong><\/span><br \/>\n<a href=\"https:\/\/i0.wp.com\/www.francas71.org\/projetscitoyens\/wp-content\/uploads\/2013\/11\/Tournus-centre-de-loisirs-01.jpg\" onclick=\"return TrackClick('http%3A%2F%2Fwww.francas71.org%2Fprojetscitoyens%2Fwp-content%2Fuploads%2F2013%2F11%2FTournus-centre-de-loisirs-01.jpg','Tournus+-+centre+de+loisirs+-+01')\"><img loading=\"lazy\" decoding=\"async\" data-attachment-id=\"830\" data-permalink=\"http:\/\/projetscitoyens.francas71.org\/?attachment_id=830\" data-orig-file=\"https:\/\/i0.wp.com\/projetscitoyens.francas71.org\/wp-content\/uploads\/2013\/11\/Tournus-centre-de-loisirs-01.jpg?fit=1224%2C1632\" data-orig-size=\"1224,1632\" data-comments-opened=\"1\" data-image-meta=\"{&quot;aperture&quot;:&quot;2.6&quot;,&quot;credit&quot;:&quot;&quot;,&quot;camera&quot;:&quot;SK17i&quot;,&quot;caption&quot;:&quot;&quot;,&quot;created_timestamp&quot;:&quot;1384438057&quot;,&quot;copyright&quot;:&quot;&quot;,&quot;focal_length&quot;:&quot;3.5&quot;,&quot;iso&quot;:&quot;400&quot;,&quot;shutter_speed&quot;:&quot;0.008&quot;,&quot;title&quot;:&quot;&quot;}\" data-image-title=\"Tournus &#8211; centre de loisirs &#8211; 01\" data-image-description=\"\" data-image-caption=\"\" data-medium-file=\"https:\/\/i0.wp.com\/projetscitoyens.francas71.org\/wp-content\/uploads\/2013\/11\/Tournus-centre-de-loisirs-01.jpg?fit=225%2C300\" data-large-file=\"https:\/\/i0.wp.com\/projetscitoyens.francas71.org\/wp-content\/uploads\/2013\/11\/Tournus-centre-de-loisirs-01.jpg?fit=640%2C853\" tabindex=\"0\" role=\"button\" class=\"alignnone size-medium wp-image-830\" title=\"Tournus - centre de loisirs - 01\" src=\"https:\/\/i0.wp.com\/www.francas71.org\/projetscitoyens\/wp-content\/uploads\/2013\/11\/Tournus-centre-de-loisirs-01-225x300.jpg?resize=225%2C300\" alt=\"\" width=\"225\" height=\"300\" srcset=\"https:\/\/i0.wp.com\/projetscitoyens.francas71.org\/wp-content\/uploads\/2013\/11\/Tournus-centre-de-loisirs-01.jpg?resize=225%2C300 225w, https:\/\/i0.wp.com\/projetscitoyens.francas71.org\/wp-content\/uploads\/2013\/11\/Tournus-centre-de-loisirs-01.jpg?resize=768%2C1024 768w, https:\/\/i0.wp.com\/projetscitoyens.francas71.org\/wp-content\/uploads\/2013\/11\/Tournus-centre-de-loisirs-01.jpg?resize=1024%2C1365 1024w, https:\/\/i0.wp.com\/projetscitoyens.francas71.org\/wp-content\/uploads\/2013\/11\/Tournus-centre-de-loisirs-01.jpg?w=1224 1224w\" sizes=\"(max-width: 225px) 100vw, 225px\" data-recalc-dims=\"1\" \/><\/a>\u00a0\u00a0\u00a0\u00a0\u00a0 <a href=\"https:\/\/i0.wp.com\/www.francas71.org\/projetscitoyens\/wp-content\/uploads\/2013\/11\/Tournus-centre-de-loisirs-02.jpg\" onclick=\"return TrackClick('http%3A%2F%2Fwww.francas71.org%2Fprojetscitoyens%2Fwp-content%2Fuploads%2F2013%2F11%2FTournus-centre-de-loisirs-02.jpg','Tournus+-+centre+de+loisirs+-+02')\"><img loading=\"lazy\" decoding=\"async\" data-attachment-id=\"829\" data-permalink=\"http:\/\/projetscitoyens.francas71.org\/?attachment_id=829\" data-orig-file=\"https:\/\/i0.wp.com\/projetscitoyens.francas71.org\/wp-content\/uploads\/2013\/11\/Tournus-centre-de-loisirs-02.jpg?fit=1224%2C1632\" data-orig-size=\"1224,1632\" data-comments-opened=\"1\" data-image-meta=\"{&quot;aperture&quot;:&quot;2.6&quot;,&quot;credit&quot;:&quot;&quot;,&quot;camera&quot;:&quot;SK17i&quot;,&quot;caption&quot;:&quot;&quot;,&quot;created_timestamp&quot;:&quot;1384438075&quot;,&quot;copyright&quot;:&quot;&quot;,&quot;focal_length&quot;:&quot;3.5&quot;,&quot;iso&quot;:&quot;250&quot;,&quot;shutter_speed&quot;:&quot;0.015625&quot;,&quot;title&quot;:&quot;&quot;}\" data-image-title=\"Tournus &#8211; centre de loisirs &#8211; 02\" data-image-description=\"\" data-image-caption=\"\" data-medium-file=\"https:\/\/i0.wp.com\/projetscitoyens.francas71.org\/wp-content\/uploads\/2013\/11\/Tournus-centre-de-loisirs-02.jpg?fit=225%2C300\" data-large-file=\"https:\/\/i0.wp.com\/projetscitoyens.francas71.org\/wp-content\/uploads\/2013\/11\/Tournus-centre-de-loisirs-02.jpg?fit=640%2C853\" tabindex=\"0\" role=\"button\" class=\"alignnone size-medium wp-image-829\" title=\"Tournus - centre de loisirs - 02\" src=\"https:\/\/i0.wp.com\/www.francas71.org\/projetscitoyens\/wp-content\/uploads\/2013\/11\/Tournus-centre-de-loisirs-02-225x300.jpg?resize=225%2C300\" alt=\"\" width=\"225\" height=\"300\" srcset=\"https:\/\/i0.wp.com\/projetscitoyens.francas71.org\/wp-content\/uploads\/2013\/11\/Tournus-centre-de-loisirs-02.jpg?resize=225%2C300 225w, https:\/\/i0.wp.com\/projetscitoyens.francas71.org\/wp-content\/uploads\/2013\/11\/Tournus-centre-de-loisirs-02.jpg?resize=768%2C1024 768w, https:\/\/i0.wp.com\/projetscitoyens.francas71.org\/wp-content\/uploads\/2013\/11\/Tournus-centre-de-loisirs-02.jpg?resize=1024%2C1365 1024w, https:\/\/i0.wp.com\/projetscitoyens.francas71.org\/wp-content\/uploads\/2013\/11\/Tournus-centre-de-loisirs-02.jpg?w=1224 1224w\" sizes=\"(max-width: 225px) 100vw, 225px\" data-recalc-dims=\"1\" \/><\/a><\/p>\n<p><span style=\"color: #800000;\"><strong>Tournus &#8211; \u00e9cole primaire Raymond Dorey<\/strong><\/span><br \/>\n<a href=\"https:\/\/i0.wp.com\/www.francas71.org\/projetscitoyens\/wp-content\/uploads\/2013\/11\/Tournus-ecole-primaire-Dorey.jpg\" onclick=\"return TrackClick('http%3A%2F%2Fwww.francas71.org%2Fprojetscitoyens%2Fwp-content%2Fuploads%2F2013%2F11%2FTournus-ecole-primaire-Dorey.jpg','Tournus+-+ecole+primaire+Dorey')\"><img loading=\"lazy\" decoding=\"async\" data-attachment-id=\"831\" data-permalink=\"http:\/\/projetscitoyens.francas71.org\/?attachment_id=831\" data-orig-file=\"https:\/\/i0.wp.com\/projetscitoyens.francas71.org\/wp-content\/uploads\/2013\/11\/Tournus-ecole-primaire-Dorey.jpg?fit=1224%2C1632\" data-orig-size=\"1224,1632\" data-comments-opened=\"1\" data-image-meta=\"{&quot;aperture&quot;:&quot;2.6&quot;,&quot;credit&quot;:&quot;&quot;,&quot;camera&quot;:&quot;SK17i&quot;,&quot;caption&quot;:&quot;&quot;,&quot;created_timestamp&quot;:&quot;1384438029&quot;,&quot;copyright&quot;:&quot;&quot;,&quot;focal_length&quot;:&quot;3.5&quot;,&quot;iso&quot;:&quot;320&quot;,&quot;shutter_speed&quot;:&quot;0.02&quot;,&quot;title&quot;:&quot;&quot;}\" data-image-title=\"Tournus &#8211; ecole primaire Dorey\" data-image-description=\"\" data-image-caption=\"\" data-medium-file=\"https:\/\/i0.wp.com\/projetscitoyens.francas71.org\/wp-content\/uploads\/2013\/11\/Tournus-ecole-primaire-Dorey.jpg?fit=225%2C300\" data-large-file=\"https:\/\/i0.wp.com\/projetscitoyens.francas71.org\/wp-content\/uploads\/2013\/11\/Tournus-ecole-primaire-Dorey.jpg?fit=640%2C853\" tabindex=\"0\" role=\"button\" class=\"alignnone size-medium wp-image-831\" title=\"Tournus - ecole primaire Dorey\" src=\"https:\/\/i0.wp.com\/www.francas71.org\/projetscitoyens\/wp-content\/uploads\/2013\/11\/Tournus-ecole-primaire-Dorey-225x300.jpg?resize=225%2C300\" alt=\"\" width=\"225\" height=\"300\" srcset=\"https:\/\/i0.wp.com\/projetscitoyens.francas71.org\/wp-content\/uploads\/2013\/11\/Tournus-ecole-primaire-Dorey.jpg?resize=225%2C300 225w, https:\/\/i0.wp.com\/projetscitoyens.francas71.org\/wp-content\/uploads\/2013\/11\/Tournus-ecole-primaire-Dorey.jpg?resize=768%2C1024 768w, https:\/\/i0.wp.com\/projetscitoyens.francas71.org\/wp-content\/uploads\/2013\/11\/Tournus-ecole-primaire-Dorey.jpg?resize=1024%2C1365 1024w, https:\/\/i0.wp.com\/projetscitoyens.francas71.org\/wp-content\/uploads\/2013\/11\/Tournus-ecole-primaire-Dorey.jpg?w=1224 1224w\" sizes=\"(max-width: 225px) 100vw, 225px\" data-recalc-dims=\"1\" \/><\/a><\/p>\n<p>&nbsp;<\/p>\n<p>&nbsp;<\/p>\n<p>&nbsp;<\/p>\n<p>&nbsp;<\/p>\n","protected":false},"excerpt":{"rendered":"<p>Une ann\u00e9e nettement moins fructueuse en terme de nombre d&rsquo;affiches r\u00e9alis\u00e9es et en terme de groupe d&rsquo;enfants mobilis\u00e9s. 9 groupes impliqu\u00e9s, une centaine d&rsquo;enfants et d&rsquo;adolescents mobilis\u00e9s, et 21 affiches finalis\u00e9es. Ci dessous toutes les affiches Champforgeuil &#8211; accueil p\u00e9riscolaire \u00a0\u00a0\u00a0\u00a0\u00a0\u00a0\u00a0 \u00a0 \u00a0 \u00a0 \u00a0 Ciry le Noble &#8211; centre de loisirs \u00a0\u00a0\u00a0\u00a0\u00a0 \u00a0\u00a0 Etang sur Arroux &#8211; centre de loisirs D\u00e9clic BVA \u00a0\u00a0\u00a0 Marcigny &#8211; coll\u00e8ge Jean Moulin &#8211; Club UNESCO \u00a0\u00a0\u00a0 &nbsp; Tournus &#8211; centre de loisirs \u00a0\u00a0\u00a0\u00a0\u00a0&#8230;<\/p>\n<p class=\"read-more\"><a class=\"btn btn-default\" href=\"http:\/\/projetscitoyens.francas71.org\/?p=805\" onclick=\"return TrackClick('http%3A%2F%2Fprojetscitoyens.francas71.org%2F%3Fp%3D805','Lire+la+suite+Lire+la+suite')\">Lire la suite<span class=\"screen-reader-text\"> Lire la suite<\/span><\/a><\/p>\n","protected":false},"author":1,"featured_media":809,"comment_status":"open","ping_status":"open","sticky":false,"template":"","format":"standard","meta":{"jetpack_post_was_ever_published":false,"_jetpack_newsletter_access":"","_jetpack_dont_email_post_to_subs":false,"_jetpack_newsletter_tier_id":0,"_jetpack_memberships_contains_paywalled_content":false,"_jetpack_memberships_contains_paid_content":false,"footnotes":"","jetpack_publicize_message":"","jetpack_publicize_feature_enabled":true,"jetpack_social_post_already_shared":false,"jetpack_social_options":{"image_generator_settings":{"template":"highway","enabled":false},"version":2}},"categories":[119,7],"tags":[150,136,123,62,174],"class_list":["post-805","post","type-post","status-publish","format-standard","has-post-thumbnail","hentry","category-agis-pour-tes-droits-2","category-historique-agis-pour-tes-droits","tag-citoyennete","tag-droits-de-lenfant","tag-education","tag-francas","tag-affiches"],"jetpack_publicize_connections":[],"jetpack_featured_media_url":"https:\/\/i0.wp.com\/projetscitoyens.francas71.org\/wp-content\/uploads\/2013\/11\/DSC_0138.jpg?fit=1632%2C1224","jetpack_sharing_enabled":true,"jetpack_shortlink":"https:\/\/wp.me\/p6M0zG-cZ","jetpack-related-posts":[],"jetpack_likes_enabled":true,"_links":{"self":[{"href":"http:\/\/projetscitoyens.francas71.org\/index.php?rest_route=\/wp\/v2\/posts\/805"}],"collection":[{"href":"http:\/\/projetscitoyens.francas71.org\/index.php?rest_route=\/wp\/v2\/posts"}],"about":[{"href":"http:\/\/projetscitoyens.francas71.org\/index.php?rest_route=\/wp\/v2\/types\/post"}],"author":[{"embeddable":true,"href":"http:\/\/projetscitoyens.francas71.org\/index.php?rest_route=\/wp\/v2\/users\/1"}],"replies":[{"embeddable":true,"href":"http:\/\/projetscitoyens.francas71.org\/index.php?rest_route=%2Fwp%2Fv2%2Fcomments&post=805"}],"version-history":[{"count":13,"href":"http:\/\/projetscitoyens.francas71.org\/index.php?rest_route=\/wp\/v2\/posts\/805\/revisions"}],"predecessor-version":[{"id":807,"href":"http:\/\/projetscitoyens.francas71.org\/index.php?rest_route=\/wp\/v2\/posts\/805\/revisions\/807"}],"wp:featuredmedia":[{"embeddable":true,"href":"http:\/\/projetscitoyens.francas71.org\/index.php?rest_route=\/wp\/v2\/media\/809"}],"wp:attachment":[{"href":"http:\/\/projetscitoyens.francas71.org\/index.php?rest_route=%2Fwp%2Fv2%2Fmedia&parent=805"}],"wp:term":[{"taxonomy":"category","embeddable":true,"href":"http:\/\/projetscitoyens.francas71.org\/index.php?rest_route=%2Fwp%2Fv2%2Fcategories&post=805"},{"taxonomy":"post_tag","embeddable":true,"href":"http:\/\/projetscitoyens.francas71.org\/index.php?rest_route=%2Fwp%2Fv2%2Ftags&post=805"}],"curies":[{"name":"wp","href":"https:\/\/api.w.org\/{rel}","templated":true}]}}