{"id":871,"date":"2013-11-22T11:04:53","date_gmt":"2013-11-22T10:04:53","guid":{"rendered":"http:\/\/www.francas71.org\/projetscitoyens\/?p=871"},"modified":"2019-12-16T14:37:28","modified_gmt":"2019-12-16T13:37:28","slug":"les-enfants-sexpriment-ce-qui-est-indispensable-pour-etre-heureux-episode-3","status":"publish","type":"post","link":"http:\/\/projetscitoyens.francas71.org\/?p=871","title":{"rendered":"Les enfants s\u2019expriment \u2026 ce qui est indispensable pour \u00eatre heureux \u2013 episode 3"},"content":{"rendered":"<p>Lors de la journ\u00e9e des droits de l&rsquo;enfant du mercredi 20 novembre 2013, \u00e0 Chalon sur Sa\u00f4ne, nous avons propos\u00e9 aux enfants de s&rsquo;exprimer devant une cam\u00e9ra pour t\u00e9moigner sur ce qui \u00e9tait pour eux les \u00e9l\u00e9ments indispensables pour vivre heureux en tant qu&rsquo;enfant.<\/p>\n<p>Des t\u00e9moignages \u00e0 \u00e9couter<\/p>\n<p><iframe loading=\"lazy\" src=\"\/\/player.vimeo.com\/video\/79965522\" width=\"500\" height=\"281\" frameborder=\"0\" webkitallowfullscreen mozallowfullscreen allowfullscreen><\/iframe> <\/p>\n<p><a href=\"http:\/\/vimeo.com\/79965522\" onclick=\"return TrackClick('http%3A%2F%2Fvimeo.com%2F79965522','lily')\">lily<\/a> from <a href=\"http:\/\/vimeo.com\/francasenbourgogne\" onclick=\"return TrackClick('http%3A%2F%2Fvimeo.com%2Ffrancasenbourgogne','Francas+en+Bourgogne')\" onclick=\"return TrackClick('http%3A%2F%2Fvimeo.com%2Ffrancasenbourgogne','Francas+en+Bourgogne')\" onclick=\"return TrackClick('http%3A%2F%2Fvimeo.com%2Ffrancasenbourgogne','Francas+en+Bourgogne')\">Francas en Bourgogne<\/a> on <a href=\"https:\/\/vimeo.com\" onclick=\"return TrackClick('https%3A%2F%2Fvimeo.com','Vimeo')\" onclick=\"return TrackClick('https%3A%2F%2Fvimeo.com','Vimeo')\" onclick=\"return TrackClick('https%3A%2F%2Fvimeo.com','Vimeo')\">Vimeo<\/a>.<\/p>\n<p><iframe loading=\"lazy\" src=\"\/\/player.vimeo.com\/video\/79965524\" width=\"500\" height=\"281\" frameborder=\"0\" webkitallowfullscreen mozallowfullscreen allowfullscreen><\/iframe> <\/p>\n<p><a href=\"http:\/\/vimeo.com\/79965524\" onclick=\"return TrackClick('http%3A%2F%2Fvimeo.com%2F79965524','lorenzo')\">lorenzo<\/a> from <a href=\"http:\/\/vimeo.com\/francasenbourgogne\" onclick=\"return TrackClick('http%3A%2F%2Fvimeo.com%2Ffrancasenbourgogne','Francas+en+Bourgogne')\" onclick=\"return TrackClick('http%3A%2F%2Fvimeo.com%2Ffrancasenbourgogne','Francas+en+Bourgogne')\" onclick=\"return TrackClick('http%3A%2F%2Fvimeo.com%2Ffrancasenbourgogne','Francas+en+Bourgogne')\">Francas en Bourgogne<\/a> on <a href=\"https:\/\/vimeo.com\" onclick=\"return TrackClick('https%3A%2F%2Fvimeo.com','Vimeo')\" onclick=\"return TrackClick('https%3A%2F%2Fvimeo.com','Vimeo')\" onclick=\"return TrackClick('https%3A%2F%2Fvimeo.com','Vimeo')\">Vimeo<\/a>.<\/p>\n<p><iframe loading=\"lazy\" src=\"\/\/player.vimeo.com\/video\/79965525\" width=\"500\" height=\"281\" frameborder=\"0\" webkitallowfullscreen mozallowfullscreen allowfullscreen><\/iframe> <\/p>\n<p><a href=\"http:\/\/vimeo.com\/79965525\" onclick=\"return TrackClick('http%3A%2F%2Fvimeo.com%2F79965525','manon')\">manon<\/a> from <a href=\"http:\/\/vimeo.com\/francasenbourgogne\" onclick=\"return TrackClick('http%3A%2F%2Fvimeo.com%2Ffrancasenbourgogne','Francas+en+Bourgogne')\" onclick=\"return TrackClick('http%3A%2F%2Fvimeo.com%2Ffrancasenbourgogne','Francas+en+Bourgogne')\" onclick=\"return TrackClick('http%3A%2F%2Fvimeo.com%2Ffrancasenbourgogne','Francas+en+Bourgogne')\">Francas en Bourgogne<\/a> on <a href=\"https:\/\/vimeo.com\" onclick=\"return TrackClick('https%3A%2F%2Fvimeo.com','Vimeo')\" onclick=\"return TrackClick('https%3A%2F%2Fvimeo.com','Vimeo')\" onclick=\"return TrackClick('https%3A%2F%2Fvimeo.com','Vimeo')\">Vimeo<\/a>.<\/p>\n","protected":false},"excerpt":{"rendered":"<p>Lors de la journ\u00e9e des droits de l&rsquo;enfant du mercredi 20 novembre 2013, \u00e0 Chalon sur Sa\u00f4ne, nous avons propos\u00e9 aux enfants de s&rsquo;exprimer devant une cam\u00e9ra pour t\u00e9moigner sur ce qui \u00e9tait pour eux les \u00e9l\u00e9ments indispensables pour vivre heureux en tant qu&rsquo;enfant. Des t\u00e9moignages \u00e0 \u00e9couter lily from Francas en Bourgogne on Vimeo. lorenzo from Francas en Bourgogne on Vimeo. manon from Francas en Bourgogne on Vimeo.<\/p>\n","protected":false},"author":1,"featured_media":864,"comment_status":"open","ping_status":"open","sticky":false,"template":"","format":"standard","meta":{"jetpack_post_was_ever_published":false,"_jetpack_newsletter_access":"","_jetpack_dont_email_post_to_subs":false,"_jetpack_newsletter_tier_id":0,"_jetpack_memberships_contains_paywalled_content":false,"_jetpack_memberships_contains_paid_content":false,"footnotes":"","jetpack_publicize_message":"","jetpack_publicize_feature_enabled":true,"jetpack_social_post_already_shared":false,"jetpack_social_options":{"image_generator_settings":{"template":"highway","enabled":false},"version":2}},"categories":[119,7],"tags":[],"class_list":["post-871","post","type-post","status-publish","format-standard","has-post-thumbnail","hentry","category-agis-pour-tes-droits-2","category-historique-agis-pour-tes-droits"],"jetpack_publicize_connections":[],"jetpack_featured_media_url":"https:\/\/i0.wp.com\/projetscitoyens.francas71.org\/wp-content\/uploads\/2013\/11\/Dsc_0152-carre.jpg?fit=1633%2C1225","jetpack_sharing_enabled":true,"jetpack_shortlink":"https:\/\/wp.me\/p6M0zG-e3","jetpack-related-posts":[],"jetpack_likes_enabled":true,"_links":{"self":[{"href":"http:\/\/projetscitoyens.francas71.org\/index.php?rest_route=\/wp\/v2\/posts\/871"}],"collection":[{"href":"http:\/\/projetscitoyens.francas71.org\/index.php?rest_route=\/wp\/v2\/posts"}],"about":[{"href":"http:\/\/projetscitoyens.francas71.org\/index.php?rest_route=\/wp\/v2\/types\/post"}],"author":[{"embeddable":true,"href":"http:\/\/projetscitoyens.francas71.org\/index.php?rest_route=\/wp\/v2\/users\/1"}],"replies":[{"embeddable":true,"href":"http:\/\/projetscitoyens.francas71.org\/index.php?rest_route=%2Fwp%2Fv2%2Fcomments&post=871"}],"version-history":[{"count":4,"href":"http:\/\/projetscitoyens.francas71.org\/index.php?rest_route=\/wp\/v2\/posts\/871\/revisions"}],"predecessor-version":[{"id":2969,"href":"http:\/\/projetscitoyens.francas71.org\/index.php?rest_route=\/wp\/v2\/posts\/871\/revisions\/2969"}],"wp:featuredmedia":[{"embeddable":true,"href":"http:\/\/projetscitoyens.francas71.org\/index.php?rest_route=\/wp\/v2\/media\/864"}],"wp:attachment":[{"href":"http:\/\/projetscitoyens.francas71.org\/index.php?rest_route=%2Fwp%2Fv2%2Fmedia&parent=871"}],"wp:term":[{"taxonomy":"category","embeddable":true,"href":"http:\/\/projetscitoyens.francas71.org\/index.php?rest_route=%2Fwp%2Fv2%2Fcategories&post=871"},{"taxonomy":"post_tag","embeddable":true,"href":"http:\/\/projetscitoyens.francas71.org\/index.php?rest_route=%2Fwp%2Fv2%2Ftags&post=871"}],"curies":[{"name":"wp","href":"https:\/\/api.w.org\/{rel}","templated":true}]}}