{"id":884,"date":"2013-11-25T09:43:21","date_gmt":"2013-11-25T08:43:21","guid":{"rendered":"http:\/\/www.francas71.org\/projetscitoyens\/?p=884"},"modified":"2019-12-16T14:37:47","modified_gmt":"2019-12-16T13:37:47","slug":"education-a-la-citoyennete-dans-les-centres-de-loisirs","status":"publish","type":"post","link":"http:\/\/projetscitoyens.francas71.org\/?p=884","title":{"rendered":"Education \u00e0 la citoyennet\u00e9 dans les centres de loisirs"},"content":{"rendered":"<p>Deux exemples de d\u00e9marches d&rsquo;\u00e9ducation \u00e0 la citoyennet\u00e9 mise en place dans des centres de loisirs du d\u00e9partement (Ciry le Noble et Tournus) \u00e0 partir du concours d&rsquo;affiches \u00ab\u00a0Agis pour tes droits\u00a0\u00bb.<\/p>\n<p>Retrouver ces deux exemples dans les articles du Journal de Sa\u00f4ne et Loire ci dessous<\/p>\n<p><span style=\"color: #800000;\"><strong>Ciry le Noble<\/strong><\/span><br \/>\n<a href=\"http:\/\/www.francas71.org\/projetscitoyens\/wp-content\/uploads\/2013\/11\/AD71-Agis-Ciry-15-nov-13.pdf\" onclick=\"return TrackClick('http%3A%2F%2Fwww.francas71.org%2Fprojetscitoyens%2Fwp-content%2Fuploads%2F2013%2F11%2FAD71-Agis-Ciry-15-nov-13.pdf','ciry+-+agis+2013+-+JSL')\" target=\"_blank\" rel=\"noopener noreferrer\"><img loading=\"lazy\" decoding=\"async\" data-attachment-id=\"883\" data-permalink=\"http:\/\/projetscitoyens.francas71.org\/?attachment_id=883\" data-orig-file=\"https:\/\/i0.wp.com\/projetscitoyens.francas71.org\/wp-content\/uploads\/2013\/11\/ciry-agis-2013-JSL.jpg?fit=689%2C435\" data-orig-size=\"689,435\" data-comments-opened=\"1\" data-image-meta=\"{&quot;aperture&quot;:&quot;0&quot;,&quot;credit&quot;:&quot;&quot;,&quot;camera&quot;:&quot;&quot;,&quot;caption&quot;:&quot;&quot;,&quot;created_timestamp&quot;:&quot;0&quot;,&quot;copyright&quot;:&quot;&quot;,&quot;focal_length&quot;:&quot;0&quot;,&quot;iso&quot;:&quot;0&quot;,&quot;shutter_speed&quot;:&quot;0&quot;,&quot;title&quot;:&quot;&quot;}\" data-image-title=\"ciry &#8211; agis 2013 &#8211; JSL\" data-image-description=\"\" data-image-caption=\"\" data-medium-file=\"https:\/\/i0.wp.com\/projetscitoyens.francas71.org\/wp-content\/uploads\/2013\/11\/ciry-agis-2013-JSL.jpg?fit=300%2C189\" data-large-file=\"https:\/\/i0.wp.com\/projetscitoyens.francas71.org\/wp-content\/uploads\/2013\/11\/ciry-agis-2013-JSL.jpg?fit=640%2C404\" tabindex=\"0\" role=\"button\" class=\"alignnone size-medium wp-image-883\" title=\"ciry - agis 2013 - JSL\" src=\"https:\/\/i0.wp.com\/www.francas71.org\/projetscitoyens\/wp-content\/uploads\/2013\/11\/ciry-agis-2013-JSL-300x189.jpg?resize=300%2C189\" alt=\"\" width=\"300\" height=\"189\" srcset=\"https:\/\/i0.wp.com\/projetscitoyens.francas71.org\/wp-content\/uploads\/2013\/11\/ciry-agis-2013-JSL.jpg?resize=300%2C189 300w, https:\/\/i0.wp.com\/projetscitoyens.francas71.org\/wp-content\/uploads\/2013\/11\/ciry-agis-2013-JSL.jpg?w=689 689w\" sizes=\"(max-width: 300px) 100vw, 300px\" data-recalc-dims=\"1\" \/><\/a><\/p>\n<p><span style=\"color: #800000;\"><strong>Tournus<\/strong><\/span><br \/>\n<a href=\"http:\/\/www.francas71.org\/projetscitoyens\/wp-content\/uploads\/2013\/11\/AD71-Agis-tournus-18-nov-13.pdf\" onclick=\"return TrackClick('http%3A%2F%2Fwww.francas71.org%2Fprojetscitoyens%2Fwp-content%2Fuploads%2F2013%2F11%2FAD71-Agis-tournus-18-nov-13.pdf','Tournus+-+agis+2013+-+JSL')\" target=\"_blank\" rel=\"noopener noreferrer\"><img loading=\"lazy\" decoding=\"async\" data-attachment-id=\"882\" data-permalink=\"http:\/\/projetscitoyens.francas71.org\/?attachment_id=882\" data-orig-file=\"https:\/\/i0.wp.com\/projetscitoyens.francas71.org\/wp-content\/uploads\/2013\/11\/Tournus-agis-2013-JSL.jpg?fit=686%2C495\" data-orig-size=\"686,495\" data-comments-opened=\"1\" data-image-meta=\"{&quot;aperture&quot;:&quot;0&quot;,&quot;credit&quot;:&quot;&quot;,&quot;camera&quot;:&quot;&quot;,&quot;caption&quot;:&quot;&quot;,&quot;created_timestamp&quot;:&quot;0&quot;,&quot;copyright&quot;:&quot;&quot;,&quot;focal_length&quot;:&quot;0&quot;,&quot;iso&quot;:&quot;0&quot;,&quot;shutter_speed&quot;:&quot;0&quot;,&quot;title&quot;:&quot;&quot;}\" data-image-title=\"Tournus &#8211; agis 2013 &#8211; JSL\" data-image-description=\"\" data-image-caption=\"\" data-medium-file=\"https:\/\/i0.wp.com\/projetscitoyens.francas71.org\/wp-content\/uploads\/2013\/11\/Tournus-agis-2013-JSL.jpg?fit=300%2C216\" data-large-file=\"https:\/\/i0.wp.com\/projetscitoyens.francas71.org\/wp-content\/uploads\/2013\/11\/Tournus-agis-2013-JSL.jpg?fit=640%2C462\" tabindex=\"0\" role=\"button\" class=\"alignnone size-medium wp-image-882\" title=\"Tournus - agis 2013 - JSL\" src=\"https:\/\/i0.wp.com\/www.francas71.org\/projetscitoyens\/wp-content\/uploads\/2013\/11\/Tournus-agis-2013-JSL-300x216.jpg?resize=300%2C216\" alt=\"\" width=\"300\" height=\"216\" srcset=\"https:\/\/i0.wp.com\/projetscitoyens.francas71.org\/wp-content\/uploads\/2013\/11\/Tournus-agis-2013-JSL.jpg?resize=300%2C216 300w, https:\/\/i0.wp.com\/projetscitoyens.francas71.org\/wp-content\/uploads\/2013\/11\/Tournus-agis-2013-JSL.jpg?w=686 686w\" sizes=\"(max-width: 300px) 100vw, 300px\" data-recalc-dims=\"1\" \/><\/a><\/p>\n<p>&nbsp;<\/p>\n","protected":false},"excerpt":{"rendered":"<p>Deux exemples de d\u00e9marches d&rsquo;\u00e9ducation \u00e0 la citoyennet\u00e9 mise en place dans des centres de loisirs du d\u00e9partement (Ciry le Noble et Tournus) \u00e0 partir du concours d&rsquo;affiches \u00ab\u00a0Agis pour tes droits\u00a0\u00bb. Retrouver ces deux exemples dans les articles du Journal de Sa\u00f4ne et Loire ci dessous Ciry le Noble Tournus &nbsp;<\/p>\n","protected":false},"author":1,"featured_media":803,"comment_status":"open","ping_status":"open","sticky":false,"template":"","format":"standard","meta":{"jetpack_post_was_ever_published":false,"_jetpack_newsletter_access":"","_jetpack_dont_email_post_to_subs":false,"_jetpack_newsletter_tier_id":0,"_jetpack_memberships_contains_paywalled_content":false,"_jetpack_memberships_contains_paid_content":false,"footnotes":"","jetpack_publicize_message":"","jetpack_publicize_feature_enabled":true,"jetpack_social_post_already_shared":false,"jetpack_social_options":{"image_generator_settings":{"template":"highway","enabled":false},"version":2}},"categories":[119,7],"tags":[16,126,150,123,53,62,109],"class_list":["post-884","post","type-post","status-publish","format-standard","has-post-thumbnail","hentry","category-agis-pour-tes-droits-2","category-historique-agis-pour-tes-droits","tag-agis","tag-ciry-le-noble","tag-citoyennete","tag-education","tag-enfants","tag-francas","tag-tournus"],"jetpack_publicize_connections":[],"jetpack_featured_media_url":"https:\/\/i0.wp.com\/projetscitoyens.francas71.org\/wp-content\/uploads\/2013\/11\/logo_sans_fond_aptd_2013_ptt_1.jpg?fit=282%2C167","jetpack_sharing_enabled":true,"jetpack_shortlink":"https:\/\/wp.me\/p6M0zG-eg","jetpack-related-posts":[],"jetpack_likes_enabled":true,"_links":{"self":[{"href":"http:\/\/projetscitoyens.francas71.org\/index.php?rest_route=\/wp\/v2\/posts\/884"}],"collection":[{"href":"http:\/\/projetscitoyens.francas71.org\/index.php?rest_route=\/wp\/v2\/posts"}],"about":[{"href":"http:\/\/projetscitoyens.francas71.org\/index.php?rest_route=\/wp\/v2\/types\/post"}],"author":[{"embeddable":true,"href":"http:\/\/projetscitoyens.francas71.org\/index.php?rest_route=\/wp\/v2\/users\/1"}],"replies":[{"embeddable":true,"href":"http:\/\/projetscitoyens.francas71.org\/index.php?rest_route=%2Fwp%2Fv2%2Fcomments&post=884"}],"version-history":[{"count":6,"href":"http:\/\/projetscitoyens.francas71.org\/index.php?rest_route=\/wp\/v2\/posts\/884\/revisions"}],"predecessor-version":[{"id":2971,"href":"http:\/\/projetscitoyens.francas71.org\/index.php?rest_route=\/wp\/v2\/posts\/884\/revisions\/2971"}],"wp:featuredmedia":[{"embeddable":true,"href":"http:\/\/projetscitoyens.francas71.org\/index.php?rest_route=\/wp\/v2\/media\/803"}],"wp:attachment":[{"href":"http:\/\/projetscitoyens.francas71.org\/index.php?rest_route=%2Fwp%2Fv2%2Fmedia&parent=884"}],"wp:term":[{"taxonomy":"category","embeddable":true,"href":"http:\/\/projetscitoyens.francas71.org\/index.php?rest_route=%2Fwp%2Fv2%2Fcategories&post=884"},{"taxonomy":"post_tag","embeddable":true,"href":"http:\/\/projetscitoyens.francas71.org\/index.php?rest_route=%2Fwp%2Fv2%2Ftags&post=884"}],"curies":[{"name":"wp","href":"https:\/\/api.w.org\/{rel}","templated":true}]}}