{"id":890,"date":"2013-11-25T09:51:20","date_gmt":"2013-11-25T08:51:20","guid":{"rendered":"http:\/\/www.francas71.org\/projetscitoyens\/?p=890"},"modified":"2019-12-16T14:37:58","modified_gmt":"2019-12-16T13:37:58","slug":"exposition-des-droits-de-lenfant-on-en-parle-dans-la-presse","status":"publish","type":"post","link":"http:\/\/projetscitoyens.francas71.org\/?p=890","title":{"rendered":"Exposition des droits de l&rsquo;Enfant &#8230; on en parle dans la presse"},"content":{"rendered":"<p>Depuis le mardi 19 novembre 2013, une exposition est install\u00e9e dans les locaux de l&rsquo;\u00e9cole La\u00ebnnec, \u00e0 Chalon sur Sa\u00f4ne, autour de la question des droits de l&rsquo;enfant. Cette exposition est propos\u00e9e par les Francas de Sa\u00f4ne et Loire et l&rsquo;OCCE de Sa\u00f4ne et Loire et est ouverte aux \u00e9coles et aux centres de loisirs.<\/p>\n<p>La presse locale en parle &#8230;<\/p>\n<p><a href=\"http:\/\/www.francas71.org\/projetscitoyens\/wp-content\/uploads\/2013\/11\/AD71-Agis-expo-departement-21-nov-13.pdf\" onclick=\"return TrackClick('http%3A%2F%2Fwww.francas71.org%2Fprojetscitoyens%2Fwp-content%2Fuploads%2F2013%2F11%2FAD71-Agis-expo-departement-21-nov-13.pdf','expo+chalon+2013+-+jsl+01')\" target=\"_blank\" rel=\"noopener noreferrer\"><img loading=\"lazy\" decoding=\"async\" data-attachment-id=\"891\" data-permalink=\"http:\/\/projetscitoyens.francas71.org\/?attachment_id=891\" data-orig-file=\"https:\/\/i0.wp.com\/projetscitoyens.francas71.org\/wp-content\/uploads\/2013\/11\/expo-chalon-2013-jsl-01.jpg?fit=567%2C462\" data-orig-size=\"567,462\" data-comments-opened=\"1\" data-image-meta=\"{&quot;aperture&quot;:&quot;0&quot;,&quot;credit&quot;:&quot;&quot;,&quot;camera&quot;:&quot;&quot;,&quot;caption&quot;:&quot;&quot;,&quot;created_timestamp&quot;:&quot;0&quot;,&quot;copyright&quot;:&quot;&quot;,&quot;focal_length&quot;:&quot;0&quot;,&quot;iso&quot;:&quot;0&quot;,&quot;shutter_speed&quot;:&quot;0&quot;,&quot;title&quot;:&quot;&quot;}\" data-image-title=\"expo chalon 2013 &#8211; jsl 01\" data-image-description=\"\" data-image-caption=\"\" data-medium-file=\"https:\/\/i0.wp.com\/projetscitoyens.francas71.org\/wp-content\/uploads\/2013\/11\/expo-chalon-2013-jsl-01.jpg?fit=300%2C244\" data-large-file=\"https:\/\/i0.wp.com\/projetscitoyens.francas71.org\/wp-content\/uploads\/2013\/11\/expo-chalon-2013-jsl-01.jpg?fit=567%2C462\" tabindex=\"0\" role=\"button\" class=\"alignnone size-medium wp-image-891\" title=\"expo chalon 2013 - jsl 01\" src=\"https:\/\/i0.wp.com\/www.francas71.org\/projetscitoyens\/wp-content\/uploads\/2013\/11\/expo-chalon-2013-jsl-01-300x244.jpg?resize=300%2C244\" alt=\"\" width=\"300\" height=\"244\" srcset=\"https:\/\/i0.wp.com\/projetscitoyens.francas71.org\/wp-content\/uploads\/2013\/11\/expo-chalon-2013-jsl-01.jpg?resize=300%2C244 300w, https:\/\/i0.wp.com\/projetscitoyens.francas71.org\/wp-content\/uploads\/2013\/11\/expo-chalon-2013-jsl-01.jpg?w=567 567w\" sizes=\"(max-width: 300px) 100vw, 300px\" data-recalc-dims=\"1\" \/><\/a><\/p>\n<p><a href=\"http:\/\/www.francas71.org\/projetscitoyens\/wp-content\/uploads\/2013\/11\/AD71-Agis-expo-departement-22-nov-13.pdf\" onclick=\"return TrackClick('http%3A%2F%2Fwww.francas71.org%2Fprojetscitoyens%2Fwp-content%2Fuploads%2F2013%2F11%2FAD71-Agis-expo-departement-22-nov-13.pdf','expo+chalon+2013+-+jsl+02')\" target=\"_blank\" rel=\"noopener noreferrer\"><img loading=\"lazy\" decoding=\"async\" data-attachment-id=\"892\" data-permalink=\"http:\/\/projetscitoyens.francas71.org\/?attachment_id=892\" data-orig-file=\"https:\/\/i0.wp.com\/projetscitoyens.francas71.org\/wp-content\/uploads\/2013\/11\/expo-chalon-2013-jsl-02.jpg?fit=568%2C539\" data-orig-size=\"568,539\" data-comments-opened=\"1\" data-image-meta=\"{&quot;aperture&quot;:&quot;0&quot;,&quot;credit&quot;:&quot;&quot;,&quot;camera&quot;:&quot;&quot;,&quot;caption&quot;:&quot;&quot;,&quot;created_timestamp&quot;:&quot;0&quot;,&quot;copyright&quot;:&quot;&quot;,&quot;focal_length&quot;:&quot;0&quot;,&quot;iso&quot;:&quot;0&quot;,&quot;shutter_speed&quot;:&quot;0&quot;,&quot;title&quot;:&quot;&quot;}\" data-image-title=\"expo chalon 2013 &#8211; jsl 02\" data-image-description=\"\" data-image-caption=\"\" data-medium-file=\"https:\/\/i0.wp.com\/projetscitoyens.francas71.org\/wp-content\/uploads\/2013\/11\/expo-chalon-2013-jsl-02.jpg?fit=300%2C284\" data-large-file=\"https:\/\/i0.wp.com\/projetscitoyens.francas71.org\/wp-content\/uploads\/2013\/11\/expo-chalon-2013-jsl-02.jpg?fit=568%2C539\" tabindex=\"0\" role=\"button\" class=\"alignnone size-medium wp-image-892\" title=\"expo chalon 2013 - jsl 02\" src=\"https:\/\/i0.wp.com\/www.francas71.org\/projetscitoyens\/wp-content\/uploads\/2013\/11\/expo-chalon-2013-jsl-02-300x284.jpg?resize=300%2C284\" alt=\"\" width=\"300\" height=\"284\" srcset=\"https:\/\/i0.wp.com\/projetscitoyens.francas71.org\/wp-content\/uploads\/2013\/11\/expo-chalon-2013-jsl-02.jpg?resize=300%2C284 300w, https:\/\/i0.wp.com\/projetscitoyens.francas71.org\/wp-content\/uploads\/2013\/11\/expo-chalon-2013-jsl-02.jpg?w=568 568w\" sizes=\"(max-width: 300px) 100vw, 300px\" data-recalc-dims=\"1\" \/><\/a><\/p>\n<p>&nbsp;<\/p>\n","protected":false},"excerpt":{"rendered":"<p>Depuis le mardi 19 novembre 2013, une exposition est install\u00e9e dans les locaux de l&rsquo;\u00e9cole La\u00ebnnec, \u00e0 Chalon sur Sa\u00f4ne, autour de la question des droits de l&rsquo;enfant. Cette exposition est propos\u00e9e par les Francas de Sa\u00f4ne et Loire et l&rsquo;OCCE de Sa\u00f4ne et Loire et est ouverte aux \u00e9coles et aux centres de loisirs. La presse locale en parle &#8230; &nbsp;<\/p>\n","protected":false},"author":1,"featured_media":800,"comment_status":"open","ping_status":"open","sticky":false,"template":"","format":"standard","meta":{"jetpack_post_was_ever_published":false,"_jetpack_newsletter_access":"","_jetpack_dont_email_post_to_subs":false,"_jetpack_newsletter_tier_id":0,"_jetpack_memberships_contains_paywalled_content":false,"_jetpack_memberships_contains_paid_content":false,"footnotes":"","jetpack_publicize_message":"","jetpack_publicize_feature_enabled":true,"jetpack_social_post_already_shared":false,"jetpack_social_options":{"image_generator_settings":{"template":"highway","enabled":false},"version":2}},"categories":[119,7],"tags":[150,136,123,53,156,62],"class_list":["post-890","post","type-post","status-publish","format-standard","has-post-thumbnail","hentry","category-agis-pour-tes-droits-2","category-historique-agis-pour-tes-droits","tag-citoyennete","tag-droits-de-lenfant","tag-education","tag-enfants","tag-exposition-des-droits","tag-francas"],"jetpack_publicize_connections":[],"jetpack_featured_media_url":"https:\/\/i0.wp.com\/projetscitoyens.francas71.org\/wp-content\/uploads\/2013\/11\/affiche-expo-jde-AD71.jpg?fit=524%2C744","jetpack_sharing_enabled":true,"jetpack_shortlink":"https:\/\/wp.me\/p6M0zG-em","jetpack-related-posts":[],"jetpack_likes_enabled":true,"_links":{"self":[{"href":"http:\/\/projetscitoyens.francas71.org\/index.php?rest_route=\/wp\/v2\/posts\/890"}],"collection":[{"href":"http:\/\/projetscitoyens.francas71.org\/index.php?rest_route=\/wp\/v2\/posts"}],"about":[{"href":"http:\/\/projetscitoyens.francas71.org\/index.php?rest_route=\/wp\/v2\/types\/post"}],"author":[{"embeddable":true,"href":"http:\/\/projetscitoyens.francas71.org\/index.php?rest_route=\/wp\/v2\/users\/1"}],"replies":[{"embeddable":true,"href":"http:\/\/projetscitoyens.francas71.org\/index.php?rest_route=%2Fwp%2Fv2%2Fcomments&post=890"}],"version-history":[{"count":7,"href":"http:\/\/projetscitoyens.francas71.org\/index.php?rest_route=\/wp\/v2\/posts\/890\/revisions"}],"predecessor-version":[{"id":898,"href":"http:\/\/projetscitoyens.francas71.org\/index.php?rest_route=\/wp\/v2\/posts\/890\/revisions\/898"}],"wp:featuredmedia":[{"embeddable":true,"href":"http:\/\/projetscitoyens.francas71.org\/index.php?rest_route=\/wp\/v2\/media\/800"}],"wp:attachment":[{"href":"http:\/\/projetscitoyens.francas71.org\/index.php?rest_route=%2Fwp%2Fv2%2Fmedia&parent=890"}],"wp:term":[{"taxonomy":"category","embeddable":true,"href":"http:\/\/projetscitoyens.francas71.org\/index.php?rest_route=%2Fwp%2Fv2%2Fcategories&post=890"},{"taxonomy":"post_tag","embeddable":true,"href":"http:\/\/projetscitoyens.francas71.org\/index.php?rest_route=%2Fwp%2Fv2%2Ftags&post=890"}],"curies":[{"name":"wp","href":"https:\/\/api.w.org\/{rel}","templated":true}]}}