{"id":900,"date":"2013-11-25T10:59:36","date_gmt":"2013-11-25T09:59:36","guid":{"rendered":"http:\/\/www.francas71.org\/projetscitoyens\/?p=900"},"modified":"2019-12-16T14:38:07","modified_gmt":"2019-12-16T13:38:07","slug":"les-enfants-debattent-des-questions-des-mots-denfants","status":"publish","type":"post","link":"http:\/\/projetscitoyens.francas71.org\/?p=900","title":{"rendered":"Les enfants d\u00e9battent &#8230; des questions, des mots d&rsquo;enfants"},"content":{"rendered":"<p>6 questions, des petits groupes de 3\/5 enfants, et l&rsquo;\u00e9coute des adultes pour recueillir leurs mots.<\/p>\n<p>Lors de la journ\u00e9e des droits de l&rsquo;enfant du mercredi 20 novembre 2013, nous avons propos\u00e9 aux enfants pr\u00e9sents de d\u00e9battre sur quelques questions les concernant &#8230; Pour jouer et m&rsquo;amuser de quoi j&rsquo;ai besoin ? est ce que les enfants doivent travailler pour grandir ? faut il toujours \u00e9couter les adultes ? etc.<\/p>\n<p>Des moments int\u00e9ressants et des r\u00e9ponses perspicaces qui montrent que les enfants peuvent r\u00e9fl\u00e9chir librement.<\/p>\n<p><a href=\"http:\/\/www.francas71.org\/projetscitoyens\/wp-content\/uploads\/2013\/11\/expo-debat-les-mots-denfant.pdf\" onclick=\"return TrackClick('http%3A%2F%2Fwww.francas71.org%2Fprojetscitoyens%2Fwp-content%2Fuploads%2F2013%2F11%2Fexpo-debat-les-mots-denfant.pdf','Consulter+les+r%C3%A9ponses+aux+questions')\" target=\"_blank\" rel=\"noopener noreferrer\">Consulter les r\u00e9ponses aux questions<\/a><\/p>\n<p><a href=\"https:\/\/i0.wp.com\/www.francas71.org\/projetscitoyens\/wp-content\/uploads\/2013\/11\/DSC_0148.jpg\" onclick=\"return TrackClick('http%3A%2F%2Fwww.francas71.org%2Fprojetscitoyens%2Fwp-content%2Fuploads%2F2013%2F11%2FDSC_0148.jpg','DSC_0148')\"><img loading=\"lazy\" decoding=\"async\" data-attachment-id=\"852\" data-permalink=\"http:\/\/projetscitoyens.francas71.org\/?attachment_id=852\" data-orig-file=\"https:\/\/i0.wp.com\/projetscitoyens.francas71.org\/wp-content\/uploads\/2013\/11\/DSC_0148.jpg?fit=1944%2C2592\" data-orig-size=\"1944,2592\" data-comments-opened=\"1\" data-image-meta=\"{&quot;aperture&quot;:&quot;2.6&quot;,&quot;credit&quot;:&quot;&quot;,&quot;camera&quot;:&quot;SK17i&quot;,&quot;caption&quot;:&quot;&quot;,&quot;created_timestamp&quot;:&quot;1384960243&quot;,&quot;copyright&quot;:&quot;&quot;,&quot;focal_length&quot;:&quot;3.5&quot;,&quot;iso&quot;:&quot;1250&quot;,&quot;shutter_speed&quot;:&quot;0.03125&quot;,&quot;title&quot;:&quot;&quot;}\" data-image-title=\"DSC_0148\" data-image-description=\"\" data-image-caption=\"\" data-medium-file=\"https:\/\/i0.wp.com\/projetscitoyens.francas71.org\/wp-content\/uploads\/2013\/11\/DSC_0148.jpg?fit=225%2C300\" data-large-file=\"https:\/\/i0.wp.com\/projetscitoyens.francas71.org\/wp-content\/uploads\/2013\/11\/DSC_0148.jpg?fit=640%2C853\" tabindex=\"0\" role=\"button\" class=\"alignnone size-medium wp-image-852\" title=\"DSC_0148\" src=\"https:\/\/i0.wp.com\/www.francas71.org\/projetscitoyens\/wp-content\/uploads\/2013\/11\/DSC_0148-225x300.jpg?resize=225%2C300\" alt=\"\" width=\"225\" height=\"300\" srcset=\"https:\/\/i0.wp.com\/projetscitoyens.francas71.org\/wp-content\/uploads\/2013\/11\/DSC_0148.jpg?resize=225%2C300 225w, https:\/\/i0.wp.com\/projetscitoyens.francas71.org\/wp-content\/uploads\/2013\/11\/DSC_0148.jpg?resize=768%2C1024 768w, https:\/\/i0.wp.com\/projetscitoyens.francas71.org\/wp-content\/uploads\/2013\/11\/DSC_0148.jpg?resize=1024%2C1365 1024w, https:\/\/i0.wp.com\/projetscitoyens.francas71.org\/wp-content\/uploads\/2013\/11\/DSC_0148.jpg?w=1944 1944w, https:\/\/i0.wp.com\/projetscitoyens.francas71.org\/wp-content\/uploads\/2013\/11\/DSC_0148.jpg?w=1280 1280w\" sizes=\"(max-width: 225px) 100vw, 225px\" data-recalc-dims=\"1\" \/><\/a><\/p>\n<p><a href=\"https:\/\/i0.wp.com\/www.francas71.org\/projetscitoyens\/wp-content\/uploads\/2013\/11\/DSC_0149.jpg\" onclick=\"return TrackClick('http%3A%2F%2Fwww.francas71.org%2Fprojetscitoyens%2Fwp-content%2Fuploads%2F2013%2F11%2FDSC_0149.jpg','DSC_0149')\"><img loading=\"lazy\" decoding=\"async\" data-attachment-id=\"853\" data-permalink=\"http:\/\/projetscitoyens.francas71.org\/?attachment_id=853\" data-orig-file=\"https:\/\/i0.wp.com\/projetscitoyens.francas71.org\/wp-content\/uploads\/2013\/11\/DSC_0149.jpg?fit=2592%2C1944\" data-orig-size=\"2592,1944\" data-comments-opened=\"1\" data-image-meta=\"{&quot;aperture&quot;:&quot;2.6&quot;,&quot;credit&quot;:&quot;&quot;,&quot;camera&quot;:&quot;SK17i&quot;,&quot;caption&quot;:&quot;&quot;,&quot;created_timestamp&quot;:&quot;1384960261&quot;,&quot;copyright&quot;:&quot;&quot;,&quot;focal_length&quot;:&quot;3.5&quot;,&quot;iso&quot;:&quot;640&quot;,&quot;shutter_speed&quot;:&quot;0.025&quot;,&quot;title&quot;:&quot;&quot;}\" data-image-title=\"DSC_0149\" data-image-description=\"\" data-image-caption=\"\" data-medium-file=\"https:\/\/i0.wp.com\/projetscitoyens.francas71.org\/wp-content\/uploads\/2013\/11\/DSC_0149.jpg?fit=300%2C225\" data-large-file=\"https:\/\/i0.wp.com\/projetscitoyens.francas71.org\/wp-content\/uploads\/2013\/11\/DSC_0149.jpg?fit=640%2C480\" tabindex=\"0\" role=\"button\" class=\"alignnone size-medium wp-image-853\" title=\"DSC_0149\" src=\"https:\/\/i0.wp.com\/www.francas71.org\/projetscitoyens\/wp-content\/uploads\/2013\/11\/DSC_0149-300x225.jpg?resize=300%2C225\" alt=\"\" width=\"300\" height=\"225\" srcset=\"https:\/\/i0.wp.com\/projetscitoyens.francas71.org\/wp-content\/uploads\/2013\/11\/DSC_0149.jpg?resize=300%2C225 300w, https:\/\/i0.wp.com\/projetscitoyens.francas71.org\/wp-content\/uploads\/2013\/11\/DSC_0149.jpg?resize=1024%2C768 1024w, https:\/\/i0.wp.com\/projetscitoyens.francas71.org\/wp-content\/uploads\/2013\/11\/DSC_0149.jpg?w=1280 1280w, https:\/\/i0.wp.com\/projetscitoyens.francas71.org\/wp-content\/uploads\/2013\/11\/DSC_0149.jpg?w=1920 1920w\" sizes=\"(max-width: 300px) 100vw, 300px\" data-recalc-dims=\"1\" \/><\/a><\/p>\n<p>&nbsp;<\/p>\n","protected":false},"excerpt":{"rendered":"<p>6 questions, des petits groupes de 3\/5 enfants, et l&rsquo;\u00e9coute des adultes pour recueillir leurs mots. Lors de la journ\u00e9e des droits de l&rsquo;enfant du mercredi 20 novembre 2013, nous avons propos\u00e9 aux enfants pr\u00e9sents de d\u00e9battre sur quelques questions les concernant &#8230; Pour jouer et m&rsquo;amuser de quoi j&rsquo;ai besoin ? est ce que les enfants doivent travailler pour grandir ? faut il toujours \u00e9couter les adultes ? etc. Des moments int\u00e9ressants et des r\u00e9ponses perspicaces qui montrent que&#8230;<\/p>\n<p class=\"read-more\"><a class=\"btn btn-default\" href=\"http:\/\/projetscitoyens.francas71.org\/?p=900\" onclick=\"return TrackClick('http%3A%2F%2Fprojetscitoyens.francas71.org%2F%3Fp%3D900','Lire+la+suite+Lire+la+suite')\">Lire la suite<span class=\"screen-reader-text\"> Lire la suite<\/span><\/a><\/p>\n","protected":false},"author":1,"featured_media":851,"comment_status":"open","ping_status":"open","sticky":false,"template":"","format":"standard","meta":{"jetpack_post_was_ever_published":false,"_jetpack_newsletter_access":"","_jetpack_dont_email_post_to_subs":false,"_jetpack_newsletter_tier_id":0,"_jetpack_memberships_contains_paywalled_content":false,"_jetpack_memberships_contains_paid_content":false,"footnotes":"","jetpack_publicize_message":"","jetpack_publicize_feature_enabled":true,"jetpack_social_post_already_shared":false,"jetpack_social_options":{"image_generator_settings":{"template":"highway","enabled":false},"version":2}},"categories":[119,7],"tags":[157,123,159,62,158],"class_list":["post-900","post","type-post","status-publish","format-standard","has-post-thumbnail","hentry","category-agis-pour-tes-droits-2","category-historique-agis-pour-tes-droits","tag-debat-denfants","tag-education","tag-expression-des-enfants","tag-francas","tag-paroles-denfants"],"jetpack_publicize_connections":[],"jetpack_featured_media_url":"https:\/\/i0.wp.com\/projetscitoyens.francas71.org\/wp-content\/uploads\/2013\/11\/IMG_1699.jpg?fit=640%2C480","jetpack_sharing_enabled":true,"jetpack_shortlink":"https:\/\/wp.me\/p6M0zG-ew","jetpack-related-posts":[],"jetpack_likes_enabled":true,"_links":{"self":[{"href":"http:\/\/projetscitoyens.francas71.org\/index.php?rest_route=\/wp\/v2\/posts\/900"}],"collection":[{"href":"http:\/\/projetscitoyens.francas71.org\/index.php?rest_route=\/wp\/v2\/posts"}],"about":[{"href":"http:\/\/projetscitoyens.francas71.org\/index.php?rest_route=\/wp\/v2\/types\/post"}],"author":[{"embeddable":true,"href":"http:\/\/projetscitoyens.francas71.org\/index.php?rest_route=\/wp\/v2\/users\/1"}],"replies":[{"embeddable":true,"href":"http:\/\/projetscitoyens.francas71.org\/index.php?rest_route=%2Fwp%2Fv2%2Fcomments&post=900"}],"version-history":[{"count":6,"href":"http:\/\/projetscitoyens.francas71.org\/index.php?rest_route=\/wp\/v2\/posts\/900\/revisions"}],"predecessor-version":[{"id":2973,"href":"http:\/\/projetscitoyens.francas71.org\/index.php?rest_route=\/wp\/v2\/posts\/900\/revisions\/2973"}],"wp:featuredmedia":[{"embeddable":true,"href":"http:\/\/projetscitoyens.francas71.org\/index.php?rest_route=\/wp\/v2\/media\/851"}],"wp:attachment":[{"href":"http:\/\/projetscitoyens.francas71.org\/index.php?rest_route=%2Fwp%2Fv2%2Fmedia&parent=900"}],"wp:term":[{"taxonomy":"category","embeddable":true,"href":"http:\/\/projetscitoyens.francas71.org\/index.php?rest_route=%2Fwp%2Fv2%2Fcategories&post=900"},{"taxonomy":"post_tag","embeddable":true,"href":"http:\/\/projetscitoyens.francas71.org\/index.php?rest_route=%2Fwp%2Fv2%2Ftags&post=900"}],"curies":[{"name":"wp","href":"https:\/\/api.w.org\/{rel}","templated":true}]}}