{"id":939,"date":"2014-09-05T10:38:17","date_gmt":"2014-09-05T09:38:17","guid":{"rendered":"http:\/\/www.francas71.org\/projetscitoyens\/?p=939"},"modified":"2019-12-16T14:40:06","modified_gmt":"2019-12-16T13:40:06","slug":"agis-pour-tes-droits-2014-2","status":"publish","type":"post","link":"http:\/\/projetscitoyens.francas71.org\/?p=939","title":{"rendered":"Agis pour tes droits 2014"},"content":{"rendered":"<p style=\"text-align: center;\"><a href=\"http:\/\/www.francas71.org\/projetscitoyens\/wp-content\/uploads\/2014\/09\/affiche-2014.pdf\" onclick=\"return TrackClick('http%3A%2F%2Fwww.francas71.org%2Fprojetscitoyens%2Fwp-content%2Fuploads%2F2014%2F09%2Faffiche-2014.pdf','affiche+2014')\" target=\"_blank\" rel=\"noopener noreferrer\"><img loading=\"lazy\" decoding=\"async\" data-attachment-id=\"942\" data-permalink=\"http:\/\/projetscitoyens.francas71.org\/?attachment_id=942\" data-orig-file=\"https:\/\/i0.wp.com\/projetscitoyens.francas71.org\/wp-content\/uploads\/2014\/09\/affiche-2014.png?fit=595%2C935\" data-orig-size=\"595,935\" data-comments-opened=\"1\" data-image-meta=\"{&quot;aperture&quot;:&quot;0&quot;,&quot;credit&quot;:&quot;&quot;,&quot;camera&quot;:&quot;&quot;,&quot;caption&quot;:&quot;&quot;,&quot;created_timestamp&quot;:&quot;0&quot;,&quot;copyright&quot;:&quot;&quot;,&quot;focal_length&quot;:&quot;0&quot;,&quot;iso&quot;:&quot;0&quot;,&quot;shutter_speed&quot;:&quot;0&quot;,&quot;title&quot;:&quot;&quot;}\" data-image-title=\"affiche 2014\" data-image-description=\"\" data-image-caption=\"\" data-medium-file=\"https:\/\/i0.wp.com\/projetscitoyens.francas71.org\/wp-content\/uploads\/2014\/09\/affiche-2014.png?fit=190%2C300\" data-large-file=\"https:\/\/i0.wp.com\/projetscitoyens.francas71.org\/wp-content\/uploads\/2014\/09\/affiche-2014.png?fit=595%2C935\" tabindex=\"0\" role=\"button\" class=\"size-medium wp-image-942 aligncenter\" title=\"affiche 2014\" src=\"https:\/\/i0.wp.com\/www.francas71.org\/projetscitoyens\/wp-content\/uploads\/2014\/09\/affiche-2014-190x300.png?resize=190%2C300\" alt=\"\" width=\"190\" height=\"300\" srcset=\"https:\/\/i0.wp.com\/projetscitoyens.francas71.org\/wp-content\/uploads\/2014\/09\/affiche-2014.png?resize=190%2C300 190w, https:\/\/i0.wp.com\/projetscitoyens.francas71.org\/wp-content\/uploads\/2014\/09\/affiche-2014.png?w=595 595w\" sizes=\"(max-width: 190px) 100vw, 190px\" data-recalc-dims=\"1\" \/><\/a><\/p>\n<p>Comme annonc\u00e9 plus t\u00f4t, le concours d&rsquo;affiches Agis pour tes droits 2014 est ouvert.<\/p>\n<p>Il doit permettre aux enfants et adolescents de d\u00e9couvrir ou re-d\u00e9couvrir la Convention Internationale des Droits de l&rsquo;Enfant, son contenu, son histoire. Il est aussi l&rsquo;occasion de leurs permettre de s&rsquo;exprimer, se questionner sur son application dans le monde comme sur son devenir.<\/p>\n<p>Nous vous proposons cette ann\u00e9e plusieurs actions sur le d\u00e9partement ainsi qu&rsquo; au niveau national, qui vous sont pr\u00e9sent\u00e9es dans diff\u00e9rents articles du blog :<\/p>\n<ul>\n<li>Agis pour tes droits : outils de participation<\/li>\n<li>CIDE : 25 ans \u00e7a se f\u00eate<\/li>\n<li>Agis pour tes droits au coll\u00e8ge<\/li>\n<li>\u00ab\u00a0Enfants citoyens , exprimons nous\u00a0\u00bb<\/li>\n<\/ul>\n<p>Pour vous soutenir dans la mise en \u0153uvre de ces actions aupr\u00e8s de vos publics, nous pouvons nous d\u00e9placer et vous proposer un accompagnement p\u00e9dagogique ( construction d&rsquo;un projet d&rsquo;animation, proosition d&rsquo;outils p\u00e9dagogiques, organisation d&rsquo;animation). N&rsquo;h\u00e9sitez pas \u00e0 nous contacter.<\/p>\n","protected":false},"excerpt":{"rendered":"<p>Comme annonc\u00e9 plus t\u00f4t, le concours d&rsquo;affiches Agis pour tes droits 2014 est ouvert. Il doit permettre aux enfants et adolescents de d\u00e9couvrir ou re-d\u00e9couvrir la Convention Internationale des Droits de l&rsquo;Enfant, son contenu, son histoire. Il est aussi l&rsquo;occasion de leurs permettre de s&rsquo;exprimer, se questionner sur son application dans le monde comme sur son devenir. Nous vous proposons cette ann\u00e9e plusieurs actions sur le d\u00e9partement ainsi qu&rsquo; au niveau national, qui vous sont pr\u00e9sent\u00e9es dans diff\u00e9rents articles du&#8230;<\/p>\n<p class=\"read-more\"><a class=\"btn btn-default\" href=\"http:\/\/projetscitoyens.francas71.org\/?p=939\" onclick=\"return TrackClick('http%3A%2F%2Fprojetscitoyens.francas71.org%2F%3Fp%3D939','Lire+la+suite+Lire+la+suite')\">Lire la suite<span class=\"screen-reader-text\"> Lire la suite<\/span><\/a><\/p>\n","protected":false},"author":1,"featured_media":942,"comment_status":"open","ping_status":"open","sticky":false,"template":"","format":"standard","meta":{"jetpack_post_was_ever_published":false,"_jetpack_newsletter_access":"","_jetpack_dont_email_post_to_subs":false,"_jetpack_newsletter_tier_id":0,"_jetpack_memberships_contains_paywalled_content":false,"_jetpack_memberships_contains_paid_content":false,"footnotes":"","jetpack_publicize_message":"","jetpack_publicize_feature_enabled":true,"jetpack_social_post_already_shared":false,"jetpack_social_options":{"image_generator_settings":{"template":"highway","enabled":false},"version":2}},"categories":[119,166],"tags":[16,134,150,136,123,53,62],"class_list":["post-939","post","type-post","status-publish","format-standard","has-post-thumbnail","hentry","category-agis-pour-tes-droits-2","category-2014-les-droits-de-lenfant","tag-agis","tag-association","tag-citoyennete","tag-droits-de-lenfant","tag-education","tag-enfants","tag-francas"],"jetpack_publicize_connections":[],"jetpack_featured_media_url":"https:\/\/i0.wp.com\/projetscitoyens.francas71.org\/wp-content\/uploads\/2014\/09\/affiche-2014.png?fit=595%2C935","jetpack_sharing_enabled":true,"jetpack_shortlink":"https:\/\/wp.me\/p6M0zG-f9","jetpack-related-posts":[],"jetpack_likes_enabled":true,"_links":{"self":[{"href":"http:\/\/projetscitoyens.francas71.org\/index.php?rest_route=\/wp\/v2\/posts\/939"}],"collection":[{"href":"http:\/\/projetscitoyens.francas71.org\/index.php?rest_route=\/wp\/v2\/posts"}],"about":[{"href":"http:\/\/projetscitoyens.francas71.org\/index.php?rest_route=\/wp\/v2\/types\/post"}],"author":[{"embeddable":true,"href":"http:\/\/projetscitoyens.francas71.org\/index.php?rest_route=\/wp\/v2\/users\/1"}],"replies":[{"embeddable":true,"href":"http:\/\/projetscitoyens.francas71.org\/index.php?rest_route=%2Fwp%2Fv2%2Fcomments&post=939"}],"version-history":[{"count":9,"href":"http:\/\/projetscitoyens.francas71.org\/index.php?rest_route=\/wp\/v2\/posts\/939\/revisions"}],"predecessor-version":[{"id":2976,"href":"http:\/\/projetscitoyens.francas71.org\/index.php?rest_route=\/wp\/v2\/posts\/939\/revisions\/2976"}],"wp:featuredmedia":[{"embeddable":true,"href":"http:\/\/projetscitoyens.francas71.org\/index.php?rest_route=\/wp\/v2\/media\/942"}],"wp:attachment":[{"href":"http:\/\/projetscitoyens.francas71.org\/index.php?rest_route=%2Fwp%2Fv2%2Fmedia&parent=939"}],"wp:term":[{"taxonomy":"category","embeddable":true,"href":"http:\/\/projetscitoyens.francas71.org\/index.php?rest_route=%2Fwp%2Fv2%2Fcategories&post=939"},{"taxonomy":"post_tag","embeddable":true,"href":"http:\/\/projetscitoyens.francas71.org\/index.php?rest_route=%2Fwp%2Fv2%2Ftags&post=939"}],"curies":[{"name":"wp","href":"https:\/\/api.w.org\/{rel}","templated":true}]}}