{"id":949,"date":"2014-09-05T11:11:36","date_gmt":"2014-09-05T10:11:36","guid":{"rendered":"http:\/\/www.francas71.org\/projetscitoyens\/?p=949"},"modified":"2019-12-16T14:39:52","modified_gmt":"2019-12-16T13:39:52","slug":"agis-pour-tes-droits-outils","status":"publish","type":"post","link":"http:\/\/projetscitoyens.francas71.org\/?p=949","title":{"rendered":"Agis pour tes droits : outils"},"content":{"rendered":"<p style=\"text-align: center;\"><a href=\"https:\/\/i0.wp.com\/www.francas71.org\/projetscitoyens\/wp-content\/uploads\/2014\/09\/affiche-2014.png\" onclick=\"return TrackClick('http%3A%2F%2Fwww.francas71.org%2Fprojetscitoyens%2Fwp-content%2Fuploads%2F2014%2F09%2Faffiche-2014.png','affiche+2014')\"><img loading=\"lazy\" decoding=\"async\" data-attachment-id=\"942\" data-permalink=\"http:\/\/projetscitoyens.francas71.org\/?attachment_id=942\" data-orig-file=\"https:\/\/i0.wp.com\/projetscitoyens.francas71.org\/wp-content\/uploads\/2014\/09\/affiche-2014.png?fit=595%2C935\" data-orig-size=\"595,935\" data-comments-opened=\"1\" data-image-meta=\"{&quot;aperture&quot;:&quot;0&quot;,&quot;credit&quot;:&quot;&quot;,&quot;camera&quot;:&quot;&quot;,&quot;caption&quot;:&quot;&quot;,&quot;created_timestamp&quot;:&quot;0&quot;,&quot;copyright&quot;:&quot;&quot;,&quot;focal_length&quot;:&quot;0&quot;,&quot;iso&quot;:&quot;0&quot;,&quot;shutter_speed&quot;:&quot;0&quot;,&quot;title&quot;:&quot;&quot;}\" data-image-title=\"affiche 2014\" data-image-description=\"\" data-image-caption=\"\" data-medium-file=\"https:\/\/i0.wp.com\/projetscitoyens.francas71.org\/wp-content\/uploads\/2014\/09\/affiche-2014.png?fit=190%2C300\" data-large-file=\"https:\/\/i0.wp.com\/projetscitoyens.francas71.org\/wp-content\/uploads\/2014\/09\/affiche-2014.png?fit=595%2C935\" tabindex=\"0\" role=\"button\" class=\"size-medium wp-image-942 aligncenter\" title=\"affiche 2014\" src=\"https:\/\/i0.wp.com\/www.francas71.org\/projetscitoyens\/wp-content\/uploads\/2014\/09\/affiche-2014-190x300.png?resize=190%2C300\" alt=\"\" width=\"190\" height=\"300\" srcset=\"https:\/\/i0.wp.com\/projetscitoyens.francas71.org\/wp-content\/uploads\/2014\/09\/affiche-2014.png?resize=190%2C300 190w, https:\/\/i0.wp.com\/projetscitoyens.francas71.org\/wp-content\/uploads\/2014\/09\/affiche-2014.png?w=595 595w\" sizes=\"(max-width: 190px) 100vw, 190px\" data-recalc-dims=\"1\" \/><\/a><\/p>\n<p style=\"text-align: left;\">Le concours d&rsquo;affiche international \u00ab\u00a0Agis pour tes droits\u00a0\u00bb propose aux groupes d&rsquo;enfants de r\u00e9aliser des affiches et de les pr\u00e9senter \u00e0 un jury d\u00e9partemental.<\/p>\n<p style=\"text-align: left;\">Afin de pr\u00e9parer au mieux le concours d&rsquo;affiches 2014, vous trouverez ci-dessous diff\u00e9rents outils pour vous lancer dans l&rsquo;action.<\/p>\n<p style=\"text-align: left;\">La mise en oeuvre de cette action peut se d\u00e9rouler selon plusieurs modalit\u00e9s :<\/p>\n<ul style=\"text-align: left;\">\n<li>Sur les nouveaux temps p\u00e9riscolaires, sous formes d&rsquo;un cycle de 6 \u00e0 7 s\u00e9ances. De la d\u00e9couverte de la Convention, \u00e0 la r\u00e9alisation d&rsquo;affiches.<\/li>\n<li>Sur les vacances d&rsquo;automne, sous forme d&rsquo;une semaine th\u00e9matique.<\/li>\n<li>Sur les mercredis apr\u00e8s midi, sous forme d&rsquo;un atelier r\u00e9current de 6 s\u00e9ances.<\/li>\n<\/ul>\n<p style=\"text-align: left;\">Enfin, le calendrier de l&rsquo;action devrait \u00eatre le suivant :<\/p>\n<ul style=\"text-align: left;\">\n<li>Vendredi 10 octobre : date limite d&rsquo;inscription au concours ( inscription d&rsquo;intention )<\/li>\n<li>Vendredi 14 novembre : date limite de r\u00e9alisation des affiches<\/li>\n<li>Du mardi 18 au vendredi 28 novembre : exposition d\u00e9partementale<\/li>\n<li>Du lundi 8 au vendredi 12 d\u00e9cembre : exposition nationale \u00e0 Paris<\/li>\n<\/ul>\n<p style=\"text-align: left;\">\n<p style=\"text-align: left;\"><span style=\"text-decoration: underline;\">OUTILS :<\/span><\/p>\n<p style=\"text-align: left;\">&#8211; <a href=\"http:\/\/www.francas71.org\/projetscitoyens\/wp-content\/uploads\/2014\/09\/livret-agis-2014.pdf\" onclick=\"return TrackClick('http%3A%2F%2Fwww.francas71.org%2Fprojetscitoyens%2Fwp-content%2Fuploads%2F2014%2F09%2Flivret-agis-2014.pdf','Livret+de+pr%C3%A9sentation')\" target=\"_blank\" rel=\"noopener noreferrer\">Livret de pr\u00e9sentation<\/a><\/p>\n<p style=\"text-align: left;\">&#8211; <a href=\"http:\/\/www.francas71.org\/projetscitoyens\/wp-content\/uploads\/2014\/09\/coupon-inscription-Agis-2014.pdf\" onclick=\"return TrackClick('http%3A%2F%2Fwww.francas71.org%2Fprojetscitoyens%2Fwp-content%2Fuploads%2F2014%2F09%2Fcoupon-inscription-Agis-2014.pdf','Fiche+d%22inscription+au+concours')\" target=\"_blank\" rel=\"noopener noreferrer\">Fiche d&rsquo;inscription au concours<\/a><\/p>\n<p>&#8211; <a href=\"http:\/\/www.francas71.org\/projetscitoyens\/wp-content\/uploads\/2014\/09\/fiche-auteur-affiches-AD71.pdf\" onclick=\"return TrackClick('http%3A%2F%2Fwww.francas71.org%2Fprojetscitoyens%2Fwp-content%2Fuploads%2F2014%2F09%2Ffiche-auteur-affiches-AD71.pdf','Fiche+de+pr%C3%A9sentation')\" target=\"_blank\" rel=\"noopener noreferrer\">Fiche de pr\u00e9sentation<\/a><\/p>\n","protected":false},"excerpt":{"rendered":"<p>Le concours d&rsquo;affiche international \u00ab\u00a0Agis pour tes droits\u00a0\u00bb propose aux groupes d&rsquo;enfants de r\u00e9aliser des affiches et de les pr\u00e9senter \u00e0 un jury d\u00e9partemental. Afin de pr\u00e9parer au mieux le concours d&rsquo;affiches 2014, vous trouverez ci-dessous diff\u00e9rents outils pour vous lancer dans l&rsquo;action. La mise en oeuvre de cette action peut se d\u00e9rouler selon plusieurs modalit\u00e9s : Sur les nouveaux temps p\u00e9riscolaires, sous formes d&rsquo;un cycle de 6 \u00e0 7 s\u00e9ances. De la d\u00e9couverte de la Convention, \u00e0 la r\u00e9alisation&#8230;<\/p>\n<p class=\"read-more\"><a class=\"btn btn-default\" href=\"http:\/\/projetscitoyens.francas71.org\/?p=949\" onclick=\"return TrackClick('http%3A%2F%2Fprojetscitoyens.francas71.org%2F%3Fp%3D949','Lire+la+suite+Lire+la+suite')\">Lire la suite<span class=\"screen-reader-text\"> Lire la suite<\/span><\/a><\/p>\n","protected":false},"author":1,"featured_media":942,"comment_status":"open","ping_status":"open","sticky":false,"template":"","format":"standard","meta":{"jetpack_post_was_ever_published":false,"_jetpack_newsletter_access":"","_jetpack_dont_email_post_to_subs":false,"_jetpack_newsletter_tier_id":0,"_jetpack_memberships_contains_paywalled_content":false,"_jetpack_memberships_contains_paid_content":false,"footnotes":"","jetpack_publicize_message":"","jetpack_publicize_feature_enabled":true,"jetpack_social_post_already_shared":false,"jetpack_social_options":{"image_generator_settings":{"template":"highway","enabled":false},"version":2}},"categories":[119,166],"tags":[16,134,150,136,123,62],"class_list":["post-949","post","type-post","status-publish","format-standard","has-post-thumbnail","hentry","category-agis-pour-tes-droits-2","category-2014-les-droits-de-lenfant","tag-agis","tag-association","tag-citoyennete","tag-droits-de-lenfant","tag-education","tag-francas"],"jetpack_publicize_connections":[],"jetpack_featured_media_url":"https:\/\/i0.wp.com\/projetscitoyens.francas71.org\/wp-content\/uploads\/2014\/09\/affiche-2014.png?fit=595%2C935","jetpack_sharing_enabled":true,"jetpack_shortlink":"https:\/\/wp.me\/p6M0zG-fj","jetpack-related-posts":[],"jetpack_likes_enabled":true,"_links":{"self":[{"href":"http:\/\/projetscitoyens.francas71.org\/index.php?rest_route=\/wp\/v2\/posts\/949"}],"collection":[{"href":"http:\/\/projetscitoyens.francas71.org\/index.php?rest_route=\/wp\/v2\/posts"}],"about":[{"href":"http:\/\/projetscitoyens.francas71.org\/index.php?rest_route=\/wp\/v2\/types\/post"}],"author":[{"embeddable":true,"href":"http:\/\/projetscitoyens.francas71.org\/index.php?rest_route=\/wp\/v2\/users\/1"}],"replies":[{"embeddable":true,"href":"http:\/\/projetscitoyens.francas71.org\/index.php?rest_route=%2Fwp%2Fv2%2Fcomments&post=949"}],"version-history":[{"count":11,"href":"http:\/\/projetscitoyens.francas71.org\/index.php?rest_route=\/wp\/v2\/posts\/949\/revisions"}],"predecessor-version":[{"id":2980,"href":"http:\/\/projetscitoyens.francas71.org\/index.php?rest_route=\/wp\/v2\/posts\/949\/revisions\/2980"}],"wp:featuredmedia":[{"embeddable":true,"href":"http:\/\/projetscitoyens.francas71.org\/index.php?rest_route=\/wp\/v2\/media\/942"}],"wp:attachment":[{"href":"http:\/\/projetscitoyens.francas71.org\/index.php?rest_route=%2Fwp%2Fv2%2Fmedia&parent=949"}],"wp:term":[{"taxonomy":"category","embeddable":true,"href":"http:\/\/projetscitoyens.francas71.org\/index.php?rest_route=%2Fwp%2Fv2%2Fcategories&post=949"},{"taxonomy":"post_tag","embeddable":true,"href":"http:\/\/projetscitoyens.francas71.org\/index.php?rest_route=%2Fwp%2Fv2%2Ftags&post=949"}],"curies":[{"name":"wp","href":"https:\/\/api.w.org\/{rel}","templated":true}]}}