{"id":962,"date":"2014-09-05T12:57:53","date_gmt":"2014-09-05T11:57:53","guid":{"rendered":"http:\/\/www.francas71.org\/projetscitoyens\/?p=962"},"modified":"2019-12-16T14:39:38","modified_gmt":"2019-12-16T13:39:38","slug":"cide-25-ans-ca-se-fete","status":"publish","type":"post","link":"http:\/\/projetscitoyens.francas71.org\/?p=962","title":{"rendered":"CIDE : 25 ans \u00e7a se f\u00eate !!"},"content":{"rendered":"<p style=\"text-align: center;\"><a href=\"https:\/\/i0.wp.com\/www.francas71.org\/projetscitoyens\/wp-content\/uploads\/2014\/09\/logo-25-ans-CIDE.jpg\" onclick=\"return TrackClick('http%3A%2F%2Fwww.francas71.org%2Fprojetscitoyens%2Fwp-content%2Fuploads%2F2014%2F09%2Flogo-25-ans-CIDE.jpg','Label_definitif_autocollant')\"><img loading=\"lazy\" decoding=\"async\" data-attachment-id=\"922\" data-permalink=\"http:\/\/projetscitoyens.francas71.org\/?attachment_id=922\" data-orig-file=\"https:\/\/i0.wp.com\/projetscitoyens.francas71.org\/wp-content\/uploads\/2014\/09\/logo-25-ans-CIDE.jpg?fit=660%2C661\" data-orig-size=\"660,661\" data-comments-opened=\"1\" data-image-meta=\"{&quot;aperture&quot;:&quot;0&quot;,&quot;credit&quot;:&quot;&quot;,&quot;camera&quot;:&quot;&quot;,&quot;caption&quot;:&quot;&quot;,&quot;created_timestamp&quot;:&quot;0&quot;,&quot;copyright&quot;:&quot;&quot;,&quot;focal_length&quot;:&quot;0&quot;,&quot;iso&quot;:&quot;0&quot;,&quot;shutter_speed&quot;:&quot;0&quot;,&quot;title&quot;:&quot;Label_definitif_autocollant&quot;}\" data-image-title=\"Label_definitif_autocollant\" data-image-description=\"\" data-image-caption=\"\" data-medium-file=\"https:\/\/i0.wp.com\/projetscitoyens.francas71.org\/wp-content\/uploads\/2014\/09\/logo-25-ans-CIDE.jpg?fit=300%2C300\" data-large-file=\"https:\/\/i0.wp.com\/projetscitoyens.francas71.org\/wp-content\/uploads\/2014\/09\/logo-25-ans-CIDE.jpg?fit=640%2C641\" tabindex=\"0\" role=\"button\" class=\"size-medium wp-image-922 aligncenter\" title=\"Label_definitif_autocollant\" src=\"https:\/\/i0.wp.com\/www.francas71.org\/projetscitoyens\/wp-content\/uploads\/2014\/09\/logo-25-ans-CIDE-300x300.jpg?resize=300%2C300\" alt=\"\" width=\"300\" height=\"300\" srcset=\"https:\/\/i0.wp.com\/projetscitoyens.francas71.org\/wp-content\/uploads\/2014\/09\/logo-25-ans-CIDE.jpg?resize=300%2C300 300w, https:\/\/i0.wp.com\/projetscitoyens.francas71.org\/wp-content\/uploads\/2014\/09\/logo-25-ans-CIDE.jpg?resize=150%2C150 150w, https:\/\/i0.wp.com\/projetscitoyens.francas71.org\/wp-content\/uploads\/2014\/09\/logo-25-ans-CIDE.jpg?resize=50%2C50 50w, https:\/\/i0.wp.com\/projetscitoyens.francas71.org\/wp-content\/uploads\/2014\/09\/logo-25-ans-CIDE.jpg?w=660 660w\" sizes=\"(max-width: 300px) 100vw, 300px\" data-recalc-dims=\"1\" \/><\/a><\/p>\n<p style=\"text-align: center;\">La <strong>C<\/strong>onvention <strong>I<\/strong>nternationale des <strong>D<\/strong>roits de l&rsquo;<strong>E<\/strong>nfant f\u00eatera ses 25 ans le 20 novembre prochain. Pour marquer cet \u00e9v\u00e8nement, nous organisons le <strong><span style=\"text-decoration: underline;\">MERCREDI 19 NOVEMBRE 2014<\/span>, <\/strong>une <strong>GRANDE f\u00eate d&rsquo;anniversaire<\/strong>. (le lieu reste encore \u00e0 d\u00e9terminer)<\/p>\n<p style=\"text-align: center;\">A cette occasion nous vous proposons de lui offrir un cadeau ainsi qu&rsquo;une carte d&rsquo;anniversaire, carte de v\u0153ux.<\/p>\n<p style=\"text-align: center;\">Vous trouverez <a href=\"http:\/\/www.francas71.org\/projetscitoyens\/wp-content\/uploads\/2014\/09\/affiche-25-ans.pdf\" onclick=\"return TrackClick('http%3A%2F%2Fwww.francas71.org%2Fprojetscitoyens%2Fwp-content%2Fuploads%2F2014%2F09%2Faffiche-25-ans.pdf','ici+l%22affichette')\" target=\"_blank\" rel=\"noopener noreferrer\">ici l&rsquo;affichette<\/a> pr\u00e9sentant la journ\u00e9e ainsi que le travail pr\u00e9paratoire que les groupes devront r\u00e9aliser.<\/p>\n<p style=\"text-align: center;\">Pour finir, quelque dates cl\u00e9s :<\/p>\n<ul style=\"text-align: center;\">\n<li>Vendredi 10 octobre : date limite d&rsquo;inscription d&rsquo;intention de participation \u00e0 la f\u00eate<\/li>\n<li>Mercredi 5 novembre : date limite d&rsquo;inscription \u00e0 la f\u00eate<\/li>\n<li>Vendredi 14 novembre : date limite d&rsquo;envoi des cartes anniversaire aux Francas<\/li>\n<li>Mercredi 19 novembre : f\u00eate anniversaire<\/li>\n<\/ul>\n<p style=\"text-align: center;\">\n","protected":false},"excerpt":{"rendered":"<p>La Convention Internationale des Droits de l&rsquo;Enfant f\u00eatera ses 25 ans le 20 novembre prochain. Pour marquer cet \u00e9v\u00e8nement, nous organisons le MERCREDI 19 NOVEMBRE 2014, une GRANDE f\u00eate d&rsquo;anniversaire. (le lieu reste encore \u00e0 d\u00e9terminer) A cette occasion nous vous proposons de lui offrir un cadeau ainsi qu&rsquo;une carte d&rsquo;anniversaire, carte de v\u0153ux. Vous trouverez ici l&rsquo;affichette pr\u00e9sentant la journ\u00e9e ainsi que le travail pr\u00e9paratoire que les groupes devront r\u00e9aliser. Pour finir, quelque dates cl\u00e9s : Vendredi 10 octobre&#8230;<\/p>\n<p class=\"read-more\"><a class=\"btn btn-default\" href=\"http:\/\/projetscitoyens.francas71.org\/?p=962\" onclick=\"return TrackClick('http%3A%2F%2Fprojetscitoyens.francas71.org%2F%3Fp%3D962','Lire+la+suite+Lire+la+suite')\">Lire la suite<span class=\"screen-reader-text\"> Lire la suite<\/span><\/a><\/p>\n","protected":false},"author":1,"featured_media":922,"comment_status":"open","ping_status":"open","sticky":false,"template":"","format":"standard","meta":{"jetpack_post_was_ever_published":false,"_jetpack_newsletter_access":"","_jetpack_dont_email_post_to_subs":false,"_jetpack_newsletter_tier_id":0,"_jetpack_memberships_contains_paywalled_content":false,"_jetpack_memberships_contains_paid_content":false,"footnotes":"","jetpack_publicize_message":"","jetpack_publicize_feature_enabled":true,"jetpack_social_post_already_shared":false,"jetpack_social_options":{"image_generator_settings":{"template":"highway","enabled":false},"version":2}},"categories":[119,166],"tags":[],"class_list":["post-962","post","type-post","status-publish","format-standard","has-post-thumbnail","hentry","category-agis-pour-tes-droits-2","category-2014-les-droits-de-lenfant"],"jetpack_publicize_connections":[],"jetpack_featured_media_url":"https:\/\/i0.wp.com\/projetscitoyens.francas71.org\/wp-content\/uploads\/2014\/09\/logo-25-ans-CIDE.jpg?fit=660%2C661","jetpack_sharing_enabled":true,"jetpack_shortlink":"https:\/\/wp.me\/p6M0zG-fw","jetpack-related-posts":[],"jetpack_likes_enabled":true,"_links":{"self":[{"href":"http:\/\/projetscitoyens.francas71.org\/index.php?rest_route=\/wp\/v2\/posts\/962"}],"collection":[{"href":"http:\/\/projetscitoyens.francas71.org\/index.php?rest_route=\/wp\/v2\/posts"}],"about":[{"href":"http:\/\/projetscitoyens.francas71.org\/index.php?rest_route=\/wp\/v2\/types\/post"}],"author":[{"embeddable":true,"href":"http:\/\/projetscitoyens.francas71.org\/index.php?rest_route=\/wp\/v2\/users\/1"}],"replies":[{"embeddable":true,"href":"http:\/\/projetscitoyens.francas71.org\/index.php?rest_route=%2Fwp%2Fv2%2Fcomments&post=962"}],"version-history":[{"count":9,"href":"http:\/\/projetscitoyens.francas71.org\/index.php?rest_route=\/wp\/v2\/posts\/962\/revisions"}],"predecessor-version":[{"id":2977,"href":"http:\/\/projetscitoyens.francas71.org\/index.php?rest_route=\/wp\/v2\/posts\/962\/revisions\/2977"}],"wp:featuredmedia":[{"embeddable":true,"href":"http:\/\/projetscitoyens.francas71.org\/index.php?rest_route=\/wp\/v2\/media\/922"}],"wp:attachment":[{"href":"http:\/\/projetscitoyens.francas71.org\/index.php?rest_route=%2Fwp%2Fv2%2Fmedia&parent=962"}],"wp:term":[{"taxonomy":"category","embeddable":true,"href":"http:\/\/projetscitoyens.francas71.org\/index.php?rest_route=%2Fwp%2Fv2%2Fcategories&post=962"},{"taxonomy":"post_tag","embeddable":true,"href":"http:\/\/projetscitoyens.francas71.org\/index.php?rest_route=%2Fwp%2Fv2%2Ftags&post=962"}],"curies":[{"name":"wp","href":"https:\/\/api.w.org\/{rel}","templated":true}]}}