{"id":972,"date":"2014-09-05T13:40:48","date_gmt":"2014-09-05T12:40:48","guid":{"rendered":"http:\/\/www.francas71.org\/projetscitoyens\/?p=972"},"modified":"2019-12-16T14:39:30","modified_gmt":"2019-12-16T13:39:30","slug":"agis-pour-tes-droits-au-college","status":"publish","type":"post","link":"http:\/\/projetscitoyens.francas71.org\/?p=972","title":{"rendered":"Agis pour tes droits au coll\u00e8ge"},"content":{"rendered":"<p style=\"text-align: center;\"><a href=\"https:\/\/i0.wp.com\/www.francas71.org\/projetscitoyens\/wp-content\/uploads\/2014\/09\/logo_fond-aptd-2014_0.jpg\" onclick=\"return TrackClick('http%3A%2F%2Fwww.francas71.org%2Fprojetscitoyens%2Fwp-content%2Fuploads%2F2014%2F09%2Flogo_fond-aptd-2014_0.jpg','logo_fond-aptd-2014_0')\"><img loading=\"lazy\" decoding=\"async\" data-attachment-id=\"921\" data-permalink=\"http:\/\/projetscitoyens.francas71.org\/?attachment_id=921\" data-orig-file=\"https:\/\/i0.wp.com\/projetscitoyens.francas71.org\/wp-content\/uploads\/2014\/09\/logo_fond-aptd-2014_0.jpg?fit=1723%2C1020\" data-orig-size=\"1723,1020\" data-comments-opened=\"1\" data-image-meta=\"{&quot;aperture&quot;:&quot;0&quot;,&quot;credit&quot;:&quot;&quot;,&quot;camera&quot;:&quot;&quot;,&quot;caption&quot;:&quot;&quot;,&quot;created_timestamp&quot;:&quot;0&quot;,&quot;copyright&quot;:&quot;&quot;,&quot;focal_length&quot;:&quot;0&quot;,&quot;iso&quot;:&quot;0&quot;,&quot;shutter_speed&quot;:&quot;0&quot;,&quot;title&quot;:&quot;&quot;}\" data-image-title=\"logo_fond-aptd-2014_0\" data-image-description=\"\" data-image-caption=\"\" data-medium-file=\"https:\/\/i0.wp.com\/projetscitoyens.francas71.org\/wp-content\/uploads\/2014\/09\/logo_fond-aptd-2014_0.jpg?fit=300%2C177\" data-large-file=\"https:\/\/i0.wp.com\/projetscitoyens.francas71.org\/wp-content\/uploads\/2014\/09\/logo_fond-aptd-2014_0.jpg?fit=640%2C379\" tabindex=\"0\" role=\"button\" class=\"alignnone size-medium wp-image-921\" title=\"logo_fond-aptd-2014_0\" src=\"https:\/\/i0.wp.com\/www.francas71.org\/projetscitoyens\/wp-content\/uploads\/2014\/09\/logo_fond-aptd-2014_0-300x177.jpg?resize=300%2C177\" alt=\"\" width=\"300\" height=\"177\" srcset=\"https:\/\/i0.wp.com\/projetscitoyens.francas71.org\/wp-content\/uploads\/2014\/09\/logo_fond-aptd-2014_0.jpg?resize=300%2C177 300w, https:\/\/i0.wp.com\/projetscitoyens.francas71.org\/wp-content\/uploads\/2014\/09\/logo_fond-aptd-2014_0.jpg?resize=1024%2C606 1024w, https:\/\/i0.wp.com\/projetscitoyens.francas71.org\/wp-content\/uploads\/2014\/09\/logo_fond-aptd-2014_0.jpg?w=1723 1723w, https:\/\/i0.wp.com\/projetscitoyens.francas71.org\/wp-content\/uploads\/2014\/09\/logo_fond-aptd-2014_0.jpg?w=1280 1280w\" sizes=\"(max-width: 300px) 100vw, 300px\" data-recalc-dims=\"1\" \/><\/a><\/p>\n<p style=\"text-align: center;\">Le concours d&rsquo;affiches est bien entendu ouvert \u00e0 tous (enfants, ados, adultes, &#8230;). Afin d&rsquo;adapter au mieux l&rsquo;action aux \u00e9tablissements d&rsquo;enseignement secondaire, nous vous proposons <a href=\"http:\/\/www.francas71.org\/projetscitoyens\/wp-content\/uploads\/2014\/09\/info_college_9_2014_v2.pdf\" onclick=\"return TrackClick('http%3A%2F%2Fwww.francas71.org%2Fprojetscitoyens%2Fwp-content%2Fuploads%2F2014%2F09%2Finfo_college_9_2014_v2.pdf','ici+une+plaquette+d%22accompagnement+%C3%A9ducatif')\" target=\"_blank\" rel=\"noopener noreferrer\">ici une plaquette d&rsquo;accompagnement \u00e9ducatif<\/a>.<\/p>\n<p style=\"text-align: center;\">Vous y trouverez une proposition de d\u00e9marche p\u00e9dagogique, mais \u00e9galement les notions du socle commun des comp\u00e9tences auxquelles fait r\u00e9f\u00e9rence le concours d&rsquo;affiches.<\/p>\n<p style=\"text-align: center;\">En ce qui concerne le bulletin d&rsquo;inscription, il est disponible dans l&rsquo;article \u00ab\u00a0Agis pour tes droits : outils\u00a0\u00bb<\/p>\n<p style=\"text-align: center;\">N&rsquo;h\u00e9sitez pas \u00e0 prendre contact avec nous pour vous pr\u00e9senter plus avant cette d\u00e9marche, \u00e9laborer un projet avec vous ou encore accompagner sa mise en \u0153uvre.<\/p>\n","protected":false},"excerpt":{"rendered":"<p>Le concours d&rsquo;affiches est bien entendu ouvert \u00e0 tous (enfants, ados, adultes, &#8230;). Afin d&rsquo;adapter au mieux l&rsquo;action aux \u00e9tablissements d&rsquo;enseignement secondaire, nous vous proposons ici une plaquette d&rsquo;accompagnement \u00e9ducatif. Vous y trouverez une proposition de d\u00e9marche p\u00e9dagogique, mais \u00e9galement les notions du socle commun des comp\u00e9tences auxquelles fait r\u00e9f\u00e9rence le concours d&rsquo;affiches. En ce qui concerne le bulletin d&rsquo;inscription, il est disponible dans l&rsquo;article \u00ab\u00a0Agis pour tes droits : outils\u00a0\u00bb N&rsquo;h\u00e9sitez pas \u00e0 prendre contact avec nous pour vous&#8230;<\/p>\n<p class=\"read-more\"><a class=\"btn btn-default\" href=\"http:\/\/projetscitoyens.francas71.org\/?p=972\" onclick=\"return TrackClick('http%3A%2F%2Fprojetscitoyens.francas71.org%2F%3Fp%3D972','Lire+la+suite+Lire+la+suite')\">Lire la suite<span class=\"screen-reader-text\"> Lire la suite<\/span><\/a><\/p>\n","protected":false},"author":1,"featured_media":942,"comment_status":"open","ping_status":"open","sticky":false,"template":"","format":"standard","meta":{"jetpack_post_was_ever_published":false,"_jetpack_newsletter_access":"","_jetpack_dont_email_post_to_subs":false,"_jetpack_newsletter_tier_id":0,"_jetpack_memberships_contains_paywalled_content":false,"_jetpack_memberships_contains_paid_content":false,"footnotes":"","jetpack_publicize_message":"","jetpack_publicize_feature_enabled":true,"jetpack_social_post_already_shared":false,"jetpack_social_options":{"image_generator_settings":{"template":"highway","enabled":false},"version":2}},"categories":[119,166],"tags":[],"class_list":["post-972","post","type-post","status-publish","format-standard","has-post-thumbnail","hentry","category-agis-pour-tes-droits-2","category-2014-les-droits-de-lenfant"],"jetpack_publicize_connections":[],"jetpack_featured_media_url":"https:\/\/i0.wp.com\/projetscitoyens.francas71.org\/wp-content\/uploads\/2014\/09\/affiche-2014.png?fit=595%2C935","jetpack_sharing_enabled":true,"jetpack_shortlink":"https:\/\/wp.me\/p6M0zG-fG","jetpack-related-posts":[],"jetpack_likes_enabled":true,"_links":{"self":[{"href":"http:\/\/projetscitoyens.francas71.org\/index.php?rest_route=\/wp\/v2\/posts\/972"}],"collection":[{"href":"http:\/\/projetscitoyens.francas71.org\/index.php?rest_route=\/wp\/v2\/posts"}],"about":[{"href":"http:\/\/projetscitoyens.francas71.org\/index.php?rest_route=\/wp\/v2\/types\/post"}],"author":[{"embeddable":true,"href":"http:\/\/projetscitoyens.francas71.org\/index.php?rest_route=\/wp\/v2\/users\/1"}],"replies":[{"embeddable":true,"href":"http:\/\/projetscitoyens.francas71.org\/index.php?rest_route=%2Fwp%2Fv2%2Fcomments&post=972"}],"version-history":[{"count":5,"href":"http:\/\/projetscitoyens.francas71.org\/index.php?rest_route=\/wp\/v2\/posts\/972\/revisions"}],"predecessor-version":[{"id":2978,"href":"http:\/\/projetscitoyens.francas71.org\/index.php?rest_route=\/wp\/v2\/posts\/972\/revisions\/2978"}],"wp:featuredmedia":[{"embeddable":true,"href":"http:\/\/projetscitoyens.francas71.org\/index.php?rest_route=\/wp\/v2\/media\/942"}],"wp:attachment":[{"href":"http:\/\/projetscitoyens.francas71.org\/index.php?rest_route=%2Fwp%2Fv2%2Fmedia&parent=972"}],"wp:term":[{"taxonomy":"category","embeddable":true,"href":"http:\/\/projetscitoyens.francas71.org\/index.php?rest_route=%2Fwp%2Fv2%2Fcategories&post=972"},{"taxonomy":"post_tag","embeddable":true,"href":"http:\/\/projetscitoyens.francas71.org\/index.php?rest_route=%2Fwp%2Fv2%2Ftags&post=972"}],"curies":[{"name":"wp","href":"https:\/\/api.w.org\/{rel}","templated":true}]}}