{"id":978,"date":"2014-09-05T13:58:33","date_gmt":"2014-09-05T12:58:33","guid":{"rendered":"http:\/\/www.francas71.org\/projetscitoyens\/?p=978"},"modified":"2019-12-16T14:39:24","modified_gmt":"2019-12-16T13:39:24","slug":"enfants-citoyens-exprimons-nous","status":"publish","type":"post","link":"http:\/\/projetscitoyens.francas71.org\/?p=978","title":{"rendered":"Enfants citoyens, exprimons nous"},"content":{"rendered":"<p style=\"text-align: center;\"><a href=\"https:\/\/i0.wp.com\/www.francas71.org\/projetscitoyens\/wp-content\/uploads\/2014\/09\/megaphone.jpg\" onclick=\"return TrackClick('http%3A%2F%2Fwww.francas71.org%2Fprojetscitoyens%2Fwp-content%2Fuploads%2F2014%2F09%2Fmegaphone.jpg','Untitled-1')\"><img loading=\"lazy\" decoding=\"async\" data-attachment-id=\"986\" data-permalink=\"http:\/\/projetscitoyens.francas71.org\/?attachment_id=986\" data-orig-file=\"https:\/\/i0.wp.com\/projetscitoyens.francas71.org\/wp-content\/uploads\/2014\/09\/megaphone.jpg?fit=1717%2C1720\" data-orig-size=\"1717,1720\" data-comments-opened=\"1\" data-image-meta=\"{&quot;aperture&quot;:&quot;0&quot;,&quot;credit&quot;:&quot;&quot;,&quot;camera&quot;:&quot;&quot;,&quot;caption&quot;:&quot;&quot;,&quot;created_timestamp&quot;:&quot;0&quot;,&quot;copyright&quot;:&quot;&quot;,&quot;focal_length&quot;:&quot;0&quot;,&quot;iso&quot;:&quot;0&quot;,&quot;shutter_speed&quot;:&quot;0&quot;,&quot;title&quot;:&quot;Untitled-1&quot;}\" data-image-title=\"Untitled-1\" data-image-description=\"\" data-image-caption=\"\" data-medium-file=\"https:\/\/i0.wp.com\/projetscitoyens.francas71.org\/wp-content\/uploads\/2014\/09\/megaphone.jpg?fit=300%2C300\" data-large-file=\"https:\/\/i0.wp.com\/projetscitoyens.francas71.org\/wp-content\/uploads\/2014\/09\/megaphone.jpg?fit=640%2C641\" tabindex=\"0\" role=\"button\" class=\"aligncenter size-medium wp-image-986\" title=\"Untitled-1\" src=\"https:\/\/i0.wp.com\/www.francas71.org\/projetscitoyens\/wp-content\/uploads\/2014\/09\/megaphone-300x300.jpg?resize=300%2C300\" alt=\"\" width=\"300\" height=\"300\" srcset=\"https:\/\/i0.wp.com\/projetscitoyens.francas71.org\/wp-content\/uploads\/2014\/09\/megaphone.jpg?resize=300%2C300 300w, https:\/\/i0.wp.com\/projetscitoyens.francas71.org\/wp-content\/uploads\/2014\/09\/megaphone.jpg?resize=150%2C150 150w, https:\/\/i0.wp.com\/projetscitoyens.francas71.org\/wp-content\/uploads\/2014\/09\/megaphone.jpg?resize=1022%2C1024 1022w, https:\/\/i0.wp.com\/projetscitoyens.francas71.org\/wp-content\/uploads\/2014\/09\/megaphone.jpg?resize=50%2C50 50w, https:\/\/i0.wp.com\/projetscitoyens.francas71.org\/wp-content\/uploads\/2014\/09\/megaphone.jpg?resize=1024%2C1025 1024w, https:\/\/i0.wp.com\/projetscitoyens.francas71.org\/wp-content\/uploads\/2014\/09\/megaphone.jpg?w=1717 1717w, https:\/\/i0.wp.com\/projetscitoyens.francas71.org\/wp-content\/uploads\/2014\/09\/megaphone.jpg?w=1280 1280w\" sizes=\"(max-width: 300px) 100vw, 300px\" data-recalc-dims=\"1\" \/><\/a><\/p>\n<p style=\"text-align: center;\">Dans le cadre du concours agis pour tes droits 2014, nous proposons aux enfants et adolescents, de s&rsquo;exprimer sur les droits de l&rsquo;enfant.<\/p>\n<p style=\"text-align: center;\">Suite au concours de 2013, nous avons puis\u00e9 dans les productions \u00ab\u00a025 revendications pour bien grandir\u00a0\u00bb. Ce qui \u00e0 donn\u00e9 lieu \u00e0 25 th\u00e8mes sur lesquels nous invitons enfants et adolescent a donner leurs avis. Pour cela il suffit de se rendre sur le site :<\/p>\n<p style=\"text-align: center;\"><a href=\"http:\/\/agispourtesdroits.org\/\" onclick=\"return TrackClick('http%3A%2F%2Fagispourtesdroits.org%2F','http%3A%2F%2Fagispourtesdroits.org%2F')\" target=\"_blank\" rel=\"noopener noreferrer\">http:\/\/agispourtesdroits.org\/<\/a><\/p>\n<p style=\"text-align: center;\">rubrique \u00ab\u00a0<span style=\"text-decoration: underline;\"><a href=\"http:\/\/agispourtesdroits.org\/?p=977\" onclick=\"return TrackClick('http%3A%2F%2Fagispourtesdroits.org%2F%3Fp%3D977','paroles+d%22enfant%22')\" target=\"_blank\" rel=\"noopener noreferrer\">paroles d&rsquo;enfant\u00a0\u00bb<\/a><\/span><\/p>\n<p style=\"text-align: center;\">Un espace leur est d\u00e9di\u00e9 afin qu&rsquo;ils puissent s&rsquo;exprimer sur un ou plusieurs th\u00e8mes, en compl\u00e9ment du message de leur affiche.<\/p>\n<p style=\"text-align: center;\">Cette production sera valoris\u00e9e lors du congr\u00e8s d&rsquo;Amiens, ainsi qu&rsquo; a l&rsquo; occasion de la finale nationale du concours.<\/p>\n<p style=\"text-align: center;\">N&rsquo;h\u00e9sitez pas \u00e0 inciter vos publics \u00e0 s\u2019approprier cet outil.<\/p>\n<p style=\"text-align: center;\">\n","protected":false},"excerpt":{"rendered":"<p>Dans le cadre du concours agis pour tes droits 2014, nous proposons aux enfants et adolescents, de s&rsquo;exprimer sur les droits de l&rsquo;enfant. Suite au concours de 2013, nous avons puis\u00e9 dans les productions \u00ab\u00a025 revendications pour bien grandir\u00a0\u00bb. Ce qui \u00e0 donn\u00e9 lieu \u00e0 25 th\u00e8mes sur lesquels nous invitons enfants et adolescent a donner leurs avis. Pour cela il suffit de se rendre sur le site : http:\/\/agispourtesdroits.org\/ rubrique \u00ab\u00a0paroles d&rsquo;enfant\u00a0\u00bb Un espace leur est d\u00e9di\u00e9 afin qu&rsquo;ils&#8230;<\/p>\n<p class=\"read-more\"><a class=\"btn btn-default\" href=\"http:\/\/projetscitoyens.francas71.org\/?p=978\" onclick=\"return TrackClick('http%3A%2F%2Fprojetscitoyens.francas71.org%2F%3Fp%3D978','Lire+la+suite+Lire+la+suite')\">Lire la suite<span class=\"screen-reader-text\"> Lire la suite<\/span><\/a><\/p>\n","protected":false},"author":1,"featured_media":921,"comment_status":"open","ping_status":"open","sticky":false,"template":"","format":"standard","meta":{"jetpack_post_was_ever_published":false,"_jetpack_newsletter_access":"","_jetpack_dont_email_post_to_subs":false,"_jetpack_newsletter_tier_id":0,"_jetpack_memberships_contains_paywalled_content":false,"_jetpack_memberships_contains_paid_content":false,"footnotes":"","jetpack_publicize_message":"","jetpack_publicize_feature_enabled":true,"jetpack_social_post_already_shared":false,"jetpack_social_options":{"image_generator_settings":{"template":"highway","enabled":false},"version":2}},"categories":[119,166],"tags":[16,134,150,146,136,123,62,72],"class_list":["post-978","post","type-post","status-publish","format-standard","has-post-thumbnail","hentry","category-agis-pour-tes-droits-2","category-2014-les-droits-de-lenfant","tag-agis","tag-association","tag-citoyennete","tag-debats-denfants","tag-droits-de-lenfant","tag-education","tag-francas","tag-jeunes"],"jetpack_publicize_connections":[],"jetpack_featured_media_url":"https:\/\/i0.wp.com\/projetscitoyens.francas71.org\/wp-content\/uploads\/2014\/09\/logo_fond-aptd-2014_0.jpg?fit=1723%2C1020","jetpack_sharing_enabled":true,"jetpack_shortlink":"https:\/\/wp.me\/p6M0zG-fM","jetpack-related-posts":[],"jetpack_likes_enabled":true,"_links":{"self":[{"href":"http:\/\/projetscitoyens.francas71.org\/index.php?rest_route=\/wp\/v2\/posts\/978"}],"collection":[{"href":"http:\/\/projetscitoyens.francas71.org\/index.php?rest_route=\/wp\/v2\/posts"}],"about":[{"href":"http:\/\/projetscitoyens.francas71.org\/index.php?rest_route=\/wp\/v2\/types\/post"}],"author":[{"embeddable":true,"href":"http:\/\/projetscitoyens.francas71.org\/index.php?rest_route=\/wp\/v2\/users\/1"}],"replies":[{"embeddable":true,"href":"http:\/\/projetscitoyens.francas71.org\/index.php?rest_route=%2Fwp%2Fv2%2Fcomments&post=978"}],"version-history":[{"count":9,"href":"http:\/\/projetscitoyens.francas71.org\/index.php?rest_route=\/wp\/v2\/posts\/978\/revisions"}],"predecessor-version":[{"id":982,"href":"http:\/\/projetscitoyens.francas71.org\/index.php?rest_route=\/wp\/v2\/posts\/978\/revisions\/982"}],"wp:featuredmedia":[{"embeddable":true,"href":"http:\/\/projetscitoyens.francas71.org\/index.php?rest_route=\/wp\/v2\/media\/921"}],"wp:attachment":[{"href":"http:\/\/projetscitoyens.francas71.org\/index.php?rest_route=%2Fwp%2Fv2%2Fmedia&parent=978"}],"wp:term":[{"taxonomy":"category","embeddable":true,"href":"http:\/\/projetscitoyens.francas71.org\/index.php?rest_route=%2Fwp%2Fv2%2Fcategories&post=978"},{"taxonomy":"post_tag","embeddable":true,"href":"http:\/\/projetscitoyens.francas71.org\/index.php?rest_route=%2Fwp%2Fv2%2Ftags&post=978"}],"curies":[{"name":"wp","href":"https:\/\/api.w.org\/{rel}","templated":true}]}}